{"id":2974,"date":"2012-09-10T07:26:44","date_gmt":"2012-09-10T06:26:44","guid":{"rendered":"http:\/\/www.birga.de\/Blog\/?p=2974"},"modified":"2012-09-10T07:26:44","modified_gmt":"2012-09-10T06:26:44","slug":"stoffmarkt-holland-in-neumunster-auch-stoffkoste-genannt","status":"publish","type":"post","link":"https:\/\/www.birga.de\/Blog\/blog\/2012\/09\/10\/stoffmarkt-holland-in-neumunster-auch-stoffkoste-genannt\/","title":{"rendered":"Stoffmarkt Holland in Neum\u00fcnster, auch Stoffk\u00f6ste genannt"},"content":{"rendered":"<p>Gestern war in Neum\u00fcnster wieder der Stoffmarkt Holland zu Gast. Auf den Plakaten wir der Markt immer als Stoffk\u00f6ste bekanntgegeben. (Warum das so ist habe ich noch nicht rausbekommen, aber auch andere M\u00e4rkte und Feste hei\u00dfen in NMS K\u00f6ste)<\/p>\n<p>Viel gen\u00e4ht habe ich ja in den vergangenen Wochen nicht und auch so habe ich inzwischen einen gro\u00dfen Stoffvorrat, so dass ich die Stoffe nur f\u00fcr 2 Projekte eingekauft habe.<\/p>\n<p>D\u00fcnnen Jeansstoff und farblich passenden Fleece f\u00fcr eine Tagesdecke. Die soll Henning auf sein Bett bekommen, damit er es auch als Sofa nutzen kann.<\/p>\n<p>Ausserdem noch einen sch\u00f6nen Weltkartenstoff, aus dem ich einen Umschlag f\u00fcr den Schulatlas n\u00e4hen m\u00f6chte.<\/p>\n<p>Ansonsten habe ich meinen Vorrat an Rei\u00dfverschl\u00fcssen aufgestockt, denn da stand ich neulich etwas ratlos vor, als ich mir auf die Schnelle einen Rock n\u00e4hen wollte und keinen farblich passenden Rei\u00dfverschluss hatte. Dazu dann noch 3 mal Bommelborte in 2 Farben, die mir ausgegangen ist.<\/p>\n<p><a href=\"http:\/\/www.birga.de\/Blog\/?attachment_id=2975\" rel=\"attachment wp-att-2975\"><img loading=\"lazy\" decoding=\"async\" class=\"aligncenter size-medium wp-image-2975\" title=\"CIMG2774\" src=\"http:\/\/www.birga.de\/Blog\/wp-content\/uploads\/2012\/09\/CIMG2774-226x300.jpg\" alt=\"\" width=\"226\" height=\"300\" srcset=\"https:\/\/www.birga.de\/Blog\/wp-content\/uploads\/2012\/09\/CIMG2774-226x300.jpg 226w, https:\/\/www.birga.de\/Blog\/wp-content\/uploads\/2012\/09\/CIMG2774-113x150.jpg 113w, https:\/\/www.birga.de\/Blog\/wp-content\/uploads\/2012\/09\/CIMG2774.jpg 605w\" sizes=\"auto, (max-width: 226px) 100vw, 226px\" \/><\/a><\/p>\n","protected":false},"excerpt":{"rendered":"<p>Gestern war in Neum\u00fcnster wieder der Stoffmarkt Holland zu Gast. Auf den Plakaten wir der Markt immer als Stoffk\u00f6ste bekanntgegeben. (Warum das so ist habe ich noch nicht rausbekommen, aber auch andere M\u00e4rkte und Feste hei\u00dfen in NMS K\u00f6ste) Viel gen\u00e4ht habe ich ja in den vergangenen Wochen nicht und \u2026 <a class=\"continue-reading-link\" href=\"https:\/\/www.birga.de\/Blog\/blog\/2012\/09\/10\/stoffmarkt-holland-in-neumunster-auch-stoffkoste-genannt\/\">hier geht es weiter: <span class=\"meta-nav\">&rarr; <\/span><\/a><\/p>\n","protected":false},"author":1,"featured_media":0,"comment_status":"open","ping_status":"open","sticky":false,"template":"","format":"standard","meta":{"footnotes":""},"categories":[4],"tags":[],"class_list":["post-2974","post","type-post","status-publish","format-standard","hentry","category-genahtes"],"_links":{"self":[{"href":"https:\/\/www.birga.de\/Blog\/wp-json\/wp\/v2\/posts\/2974","targetHints":{"allow":["GET"]}}],"collection":[{"href":"https:\/\/www.birga.de\/Blog\/wp-json\/wp\/v2\/posts"}],"about":[{"href":"https:\/\/www.birga.de\/Blog\/wp-json\/wp\/v2\/types\/post"}],"author":[{"embeddable":true,"href":"https:\/\/www.birga.de\/Blog\/wp-json\/wp\/v2\/users\/1"}],"replies":[{"embeddable":true,"href":"https:\/\/www.birga.de\/Blog\/wp-json\/wp\/v2\/comments?post=2974"}],"version-history":[{"count":1,"href":"https:\/\/www.birga.de\/Blog\/wp-json\/wp\/v2\/posts\/2974\/revisions"}],"predecessor-version":[{"id":2976,"href":"https:\/\/www.birga.de\/Blog\/wp-json\/wp\/v2\/posts\/2974\/revisions\/2976"}],"wp:attachment":[{"href":"https:\/\/www.birga.de\/Blog\/wp-json\/wp\/v2\/media?parent=2974"}],"wp:term":[{"taxonomy":"category","embeddable":true,"href":"https:\/\/www.birga.de\/Blog\/wp-json\/wp\/v2\/categories?post=2974"},{"taxonomy":"post_tag","embeddable":true,"href":"https:\/\/www.birga.de\/Blog\/wp-json\/wp\/v2\/tags?post=2974"}],"curies":[{"name":"wp","href":"https:\/\/api.w.org\/{rel}","templated":true}]}}