{"id":3019,"date":"2012-10-09T08:36:15","date_gmt":"2012-10-09T07:36:15","guid":{"rendered":"http:\/\/www.birga.de\/Blog\/?p=3019"},"modified":"2012-10-02T08:47:55","modified_gmt":"2012-10-02T07:47:55","slug":"elefantos-die-2","status":"publish","type":"post","link":"https:\/\/www.birga.de\/Blog\/blog\/2012\/10\/09\/elefantos-die-2\/","title":{"rendered":"Elefant\u00f6s die 2."},"content":{"rendered":"<p>Ja der Kleine machte ein langes Gesicht, weil er auch einen Elefanten haben wollte. Als ich im September zum N\u00e4htreff wollte, meinte er zu mir: &#8222;Mama, wenn du nicht wei\u00dft was du n\u00e4hen sollst, ich m\u00f6chte auch einen Elefanten haben!&#8220;<\/p>\n<p>Gesagt getan! Es gibt jetzt also noch einen <a href=\"http:\/\/www.farbenmix.de\/shop\/Kreative-FREEbooks\/ELEFANTOeS-Kreativ-Ebook-als-Geschenk::10046.html\" target=\"_blank\">3. Elefant\u00f6sen Elefanten von Farbenmix<\/a> bei uns im Haus.<\/p>\n<p>Er wollte einen weichen Stoff haben, mit etwas \u00dcberredungskunst konnte ich ihn dann von einem grauen Cordrest \u00fcberzeugen. Dazu hellgrau \/ rote Ohren und einen roten Stern.<\/p>\n<p><a href=\"http:\/\/www.birga.de\/Blog\/?attachment_id=3021\" rel=\"attachment wp-att-3021\"><img loading=\"lazy\" decoding=\"async\" class=\"aligncenter size-medium wp-image-3021\" title=\"CIMG0169\" src=\"http:\/\/www.birga.de\/Blog\/wp-content\/uploads\/2012\/10\/CIMG0169-300x248.jpg\" alt=\"\" width=\"300\" height=\"248\" srcset=\"https:\/\/www.birga.de\/Blog\/wp-content\/uploads\/2012\/10\/CIMG0169-300x248.jpg 300w, https:\/\/www.birga.de\/Blog\/wp-content\/uploads\/2012\/10\/CIMG0169-150x124.jpg 150w, https:\/\/www.birga.de\/Blog\/wp-content\/uploads\/2012\/10\/CIMG0169.jpg 800w\" sizes=\"auto, (max-width: 300px) 100vw, 300px\" \/><\/a><\/p>\n<p><a href=\"http:\/\/www.birga.de\/Blog\/?attachment_id=3020\" rel=\"attachment wp-att-3020\"><img loading=\"lazy\" decoding=\"async\" class=\"aligncenter size-medium wp-image-3020\" title=\"CIMG0172\" src=\"http:\/\/www.birga.de\/Blog\/wp-content\/uploads\/2012\/10\/CIMG0172-300x252.jpg\" alt=\"\" width=\"300\" height=\"252\" srcset=\"https:\/\/www.birga.de\/Blog\/wp-content\/uploads\/2012\/10\/CIMG0172-300x252.jpg 300w, https:\/\/www.birga.de\/Blog\/wp-content\/uploads\/2012\/10\/CIMG0172-150x126.jpg 150w, https:\/\/www.birga.de\/Blog\/wp-content\/uploads\/2012\/10\/CIMG0172.jpg 800w\" sizes=\"auto, (max-width: 300px) 100vw, 300px\" \/><\/a><\/p>\n<p>Um den Stern zu applizieren habe ich einen genialen Zierstich an der Pfaff-N\u00e4hmaschine gefunden:<\/p>\n<p><a href=\"http:\/\/www.birga.de\/Blog\/?attachment_id=3022\" rel=\"attachment wp-att-3022\"><img loading=\"lazy\" decoding=\"async\" class=\"aligncenter size-medium wp-image-3022\" title=\"CIMG0171\" src=\"http:\/\/www.birga.de\/Blog\/wp-content\/uploads\/2012\/10\/CIMG0171-300x225.jpg\" alt=\"\" width=\"300\" height=\"225\" srcset=\"https:\/\/www.birga.de\/Blog\/wp-content\/uploads\/2012\/10\/CIMG0171-300x225.jpg 300w, https:\/\/www.birga.de\/Blog\/wp-content\/uploads\/2012\/10\/CIMG0171-150x112.jpg 150w, https:\/\/www.birga.de\/Blog\/wp-content\/uploads\/2012\/10\/CIMG0171.jpg 800w\" sizes=\"auto, (max-width: 300px) 100vw, 300px\" \/><\/a><\/p>\n<p>So richtig sch\u00f6n ungeichm\u00e4\u00dfig gezackelt.<\/p>\n<p>Auch diese Augen sind aus Flockfolienresten ausgestanzt und aufgeb\u00fcgelt.<\/p>\n<p>Nun ist der Kleine auch gl\u00fccklich und ich muss wohl noch ein paar Elefant\u00f6se Elefanten n\u00e4hen, denn sie sind auch super als Nackenh\u00f6rnchen auf dem Sofa. Mein Mann hat den 1. Elefanten sogar schon mit auf eine Bustour genommen.<\/p>\n<p>&nbsp;<\/p>\n","protected":false},"excerpt":{"rendered":"<p>Ja der Kleine machte ein langes Gesicht, weil er auch einen Elefanten haben wollte. Als ich im September zum N\u00e4htreff wollte, meinte er zu mir: &#8222;Mama, wenn du nicht wei\u00dft was du n\u00e4hen sollst, ich m\u00f6chte auch einen Elefanten haben!&#8220; Gesagt getan! Es gibt jetzt also noch einen 3. Elefant\u00f6sen \u2026 <a class=\"continue-reading-link\" href=\"https:\/\/www.birga.de\/Blog\/blog\/2012\/10\/09\/elefantos-die-2\/\">hier geht es weiter: <span class=\"meta-nav\">&rarr; <\/span><\/a><\/p>\n","protected":false},"author":1,"featured_media":0,"comment_status":"open","ping_status":"open","sticky":false,"template":"","format":"standard","meta":{"footnotes":""},"categories":[61,4,83],"tags":[],"class_list":["post-3019","post","type-post","status-publish","format-standard","hentry","category-accessoires","category-genahtes","category-tiere"],"_links":{"self":[{"href":"https:\/\/www.birga.de\/Blog\/wp-json\/wp\/v2\/posts\/3019","targetHints":{"allow":["GET"]}}],"collection":[{"href":"https:\/\/www.birga.de\/Blog\/wp-json\/wp\/v2\/posts"}],"about":[{"href":"https:\/\/www.birga.de\/Blog\/wp-json\/wp\/v2\/types\/post"}],"author":[{"embeddable":true,"href":"https:\/\/www.birga.de\/Blog\/wp-json\/wp\/v2\/users\/1"}],"replies":[{"embeddable":true,"href":"https:\/\/www.birga.de\/Blog\/wp-json\/wp\/v2\/comments?post=3019"}],"version-history":[{"count":3,"href":"https:\/\/www.birga.de\/Blog\/wp-json\/wp\/v2\/posts\/3019\/revisions"}],"predecessor-version":[{"id":3025,"href":"https:\/\/www.birga.de\/Blog\/wp-json\/wp\/v2\/posts\/3019\/revisions\/3025"}],"wp:attachment":[{"href":"https:\/\/www.birga.de\/Blog\/wp-json\/wp\/v2\/media?parent=3019"}],"wp:term":[{"taxonomy":"category","embeddable":true,"href":"https:\/\/www.birga.de\/Blog\/wp-json\/wp\/v2\/categories?post=3019"},{"taxonomy":"post_tag","embeddable":true,"href":"https:\/\/www.birga.de\/Blog\/wp-json\/wp\/v2\/tags?post=3019"}],"curies":[{"name":"wp","href":"https:\/\/api.w.org\/{rel}","templated":true}]}}