{"id":3417,"date":"2013-04-17T16:59:01","date_gmt":"2013-04-17T14:59:01","guid":{"rendered":"http:\/\/www.birga.de\/Blog\/?p=3417"},"modified":"2013-04-17T16:59:01","modified_gmt":"2013-04-17T14:59:01","slug":"ogs-wir-stricken-in-der-sonne","status":"publish","type":"post","link":"https:\/\/www.birga.de\/Blog\/blog\/2013\/04\/17\/ogs-wir-stricken-in-der-sonne\/","title":{"rendered":"OGS &#8211; wir stricken in der Sonne"},"content":{"rendered":"<p>Am Dienstag fragen die M\u00e4dels aus dem Kurs &#8222;Stricken ohne Stricknadel&#8220; ob wir uns nach drau\u00dfen setzen k\u00f6nnten um da zu stricken. Da die Sonne schien und es auch angenehm warm war haben wir das gemacht. Dabei habe ich dieses Foto geknipst, weil es zeigt wie mit wie viel Freude, Ausdauer und Ehrgeiz die M\u00e4dchen am Stricken sind.<\/p>\n<p><a href=\"http:\/\/www.birga.de\/Blog\/?attachment_id=3418\" rel=\"attachment wp-att-3418\"><img loading=\"lazy\" decoding=\"async\" class=\"aligncenter size-medium wp-image-3418\" alt=\"CAM00140pixel\" src=\"http:\/\/www.birga.de\/Blog\/wp-content\/uploads\/2013\/04\/CAM00140pixel-300x186.jpg\" width=\"300\" height=\"186\" srcset=\"https:\/\/www.birga.de\/Blog\/wp-content\/uploads\/2013\/04\/CAM00140pixel-300x186.jpg 300w, https:\/\/www.birga.de\/Blog\/wp-content\/uploads\/2013\/04\/CAM00140pixel-150x93.jpg 150w, https:\/\/www.birga.de\/Blog\/wp-content\/uploads\/2013\/04\/CAM00140pixel-240x150.jpg 240w, https:\/\/www.birga.de\/Blog\/wp-content\/uploads\/2013\/04\/CAM00140pixel.jpg 800w\" sizes=\"auto, (max-width: 300px) 100vw, 300px\" \/><\/a><\/p>\n<p>Wir stricken grade einen &#8222;Schal&#8220; mit Filzwolle um daraus <a href=\"http:\/\/www.birga.de\/Blog\/?p=3343\" target=\"_blank\">eine Tasche<\/a> zu machen.<\/p>\n<p>&nbsp;<\/p>\n<p>Allerdings sind wir nach einer Stunde wieder rein gegangen, weil sich die Sonne verzogen hatte und Wind aufkam. Aber eine Stunde drau\u00dfen an der frischen Fr\u00fchlingsluft war echt total sch\u00f6n.<\/p>\n","protected":false},"excerpt":{"rendered":"<p>Am Dienstag fragen die M\u00e4dels aus dem Kurs &#8222;Stricken ohne Stricknadel&#8220; ob wir uns nach drau\u00dfen setzen k\u00f6nnten um da zu stricken. Da die Sonne schien und es auch angenehm warm war haben wir das gemacht. Dabei habe ich dieses Foto geknipst, weil es zeigt wie mit wie viel Freude, \u2026 <a class=\"continue-reading-link\" href=\"https:\/\/www.birga.de\/Blog\/blog\/2013\/04\/17\/ogs-wir-stricken-in-der-sonne\/\">hier geht es weiter: <span class=\"meta-nav\">&rarr; <\/span><\/a><\/p>\n","protected":false},"author":1,"featured_media":0,"comment_status":"open","ping_status":"open","sticky":false,"template":"","format":"standard","meta":{"footnotes":""},"categories":[18],"tags":[],"class_list":["post-3417","post","type-post","status-publish","format-standard","hentry","category-ogs-offene-ganztags-schule"],"_links":{"self":[{"href":"https:\/\/www.birga.de\/Blog\/wp-json\/wp\/v2\/posts\/3417","targetHints":{"allow":["GET"]}}],"collection":[{"href":"https:\/\/www.birga.de\/Blog\/wp-json\/wp\/v2\/posts"}],"about":[{"href":"https:\/\/www.birga.de\/Blog\/wp-json\/wp\/v2\/types\/post"}],"author":[{"embeddable":true,"href":"https:\/\/www.birga.de\/Blog\/wp-json\/wp\/v2\/users\/1"}],"replies":[{"embeddable":true,"href":"https:\/\/www.birga.de\/Blog\/wp-json\/wp\/v2\/comments?post=3417"}],"version-history":[{"count":1,"href":"https:\/\/www.birga.de\/Blog\/wp-json\/wp\/v2\/posts\/3417\/revisions"}],"predecessor-version":[{"id":3419,"href":"https:\/\/www.birga.de\/Blog\/wp-json\/wp\/v2\/posts\/3417\/revisions\/3419"}],"wp:attachment":[{"href":"https:\/\/www.birga.de\/Blog\/wp-json\/wp\/v2\/media?parent=3417"}],"wp:term":[{"taxonomy":"category","embeddable":true,"href":"https:\/\/www.birga.de\/Blog\/wp-json\/wp\/v2\/categories?post=3417"},{"taxonomy":"post_tag","embeddable":true,"href":"https:\/\/www.birga.de\/Blog\/wp-json\/wp\/v2\/tags?post=3417"}],"curies":[{"name":"wp","href":"https:\/\/api.w.org\/{rel}","templated":true}]}}