{"id":3664,"date":"2013-09-20T08:45:27","date_gmt":"2013-09-20T06:45:27","guid":{"rendered":"http:\/\/www.birga.de\/Blog\/?p=3664"},"modified":"2013-09-20T08:45:27","modified_gmt":"2013-09-20T06:45:27","slug":"fleissige-schuelerinnen-im-naehkurs","status":"publish","type":"post","link":"https:\/\/www.birga.de\/Blog\/blog\/2013\/09\/20\/fleissige-schuelerinnen-im-naehkurs\/","title":{"rendered":"Fleissige Sch\u00fcler\/innen im N\u00e4hkurs"},"content":{"rendered":"<p>Vor 3 Wochen startete mit etwas Verz\u00f6gerung der Kurs &#8222;Rund um Nadel und Faden&#8220; in der OGS.<\/p>\n<p>Da einige der M\u00e4dchen den Wunsch \u00e4u\u00dferten, dass sie gerne eine &#8222;Eulentasche&#8220; n\u00e4hen m\u00f6chten, fing ich an zu \u00fcberlegen, wie wir das am besten mit dem Material hinbekommen. Stoffe sind gen\u00fcgend vorhanden, aber Rei\u00dfverschl\u00fcsse, Vlie\u00dfeinlage und Karabiner kosten doch etwas mehr Geld, so dass wir mit den 10 Euro Materialgeld nicht hinkommen w\u00fcrden. Da entstand die Idee, dass wir gemeinsam ein paar Sachen n\u00e4hen, die wir verkaufen k\u00f6nnen.<\/p>\n<p>Morgen ist es so weit. Es ist &#8222;Tag der offenen T\u00fcr&#8220; unseres Schulneubaus (Sporthalle, Aula, Klassenr\u00e4ume und Fachr\u00e4ume) und auch wir Kursleiter pr\u00e4sentieren unsere Kurse. Bei dieser Gelegenheit werden wir auch die gen\u00e4hten Sachen verkaufen.<\/p>\n<p>Wir haben geschafft:<\/p>\n<ul>\n<li>12 Dinkelkissen mit Bezug<\/li>\n<li>12 Armb\u00e4nder mit Kunstleder und Webband<\/li>\n<li>5 Schl\u00fcsselanh\u00e4nger<\/li>\n<\/ul>\n<p><a href=\"http:\/\/www.birga.de\/Blog\/?attachment_id=3665\" rel=\"attachment wp-att-3665\"><img loading=\"lazy\" decoding=\"async\" class=\"aligncenter size-medium wp-image-3665\" alt=\"CIMG3385\" src=\"http:\/\/www.birga.de\/Blog\/wp-content\/uploads\/2013\/09\/CIMG3385-300x225.jpg\" width=\"300\" height=\"225\" srcset=\"https:\/\/www.birga.de\/Blog\/wp-content\/uploads\/2013\/09\/CIMG3385-300x225.jpg 300w, https:\/\/www.birga.de\/Blog\/wp-content\/uploads\/2013\/09\/CIMG3385-150x112.jpg 150w, https:\/\/www.birga.de\/Blog\/wp-content\/uploads\/2013\/09\/CIMG3385-200x150.jpg 200w, https:\/\/www.birga.de\/Blog\/wp-content\/uploads\/2013\/09\/CIMG3385.jpg 600w\" sizes=\"auto, (max-width: 300px) 100vw, 300px\" \/><\/a>Ich bin wirklich stolz auf meine Sch\u00fcler, da einige von ihnen vor 3 Wochen das 1. Mal an einer N\u00e4hmaschine sa\u00dfen.<\/p>\n<p><a href=\"http:\/\/www.birga.de\/Blog\/?attachment_id=3666\" rel=\"attachment wp-att-3666\"><img loading=\"lazy\" decoding=\"async\" class=\"aligncenter size-medium wp-image-3666\" alt=\"CIMG3386\" src=\"http:\/\/www.birga.de\/Blog\/wp-content\/uploads\/2013\/09\/CIMG3386-300x225.jpg\" width=\"300\" height=\"225\" srcset=\"https:\/\/www.birga.de\/Blog\/wp-content\/uploads\/2013\/09\/CIMG3386-300x225.jpg 300w, https:\/\/www.birga.de\/Blog\/wp-content\/uploads\/2013\/09\/CIMG3386-150x112.jpg 150w, https:\/\/www.birga.de\/Blog\/wp-content\/uploads\/2013\/09\/CIMG3386-200x150.jpg 200w, https:\/\/www.birga.de\/Blog\/wp-content\/uploads\/2013\/09\/CIMG3386.jpg 600w\" sizes=\"auto, (max-width: 300px) 100vw, 300px\" \/><\/a>Hier noch mal ein Dinkelkissen. Der Bezug ist mit Hotelverschluss.<\/p>\n<p>Also! Wer mag, kann morgen am Samstag den 21.09.2013 zwischen 11 und 15 Uhr den Neubau der Schule und Turnhalle in Todenb\u00fcttel besichtigen. Ich bin mit dem Verkauf und einer ganz tollen N\u00e4haktion im Kunstraum zu finden.<\/p>\n","protected":false},"excerpt":{"rendered":"<p>Vor 3 Wochen startete mit etwas Verz\u00f6gerung der Kurs &#8222;Rund um Nadel und Faden&#8220; in der OGS. Da einige der M\u00e4dchen den Wunsch \u00e4u\u00dferten, dass sie gerne eine &#8222;Eulentasche&#8220; n\u00e4hen m\u00f6chten, fing ich an zu \u00fcberlegen, wie wir das am besten mit dem Material hinbekommen. Stoffe sind gen\u00fcgend vorhanden, aber \u2026 <a class=\"continue-reading-link\" href=\"https:\/\/www.birga.de\/Blog\/blog\/2013\/09\/20\/fleissige-schuelerinnen-im-naehkurs\/\">hier geht es weiter: <span class=\"meta-nav\">&rarr; <\/span><\/a><\/p>\n","protected":false},"author":1,"featured_media":0,"comment_status":"open","ping_status":"open","sticky":false,"template":"","format":"standard","meta":{"footnotes":""},"categories":[18],"tags":[],"class_list":["post-3664","post","type-post","status-publish","format-standard","hentry","category-ogs-offene-ganztags-schule"],"_links":{"self":[{"href":"https:\/\/www.birga.de\/Blog\/wp-json\/wp\/v2\/posts\/3664","targetHints":{"allow":["GET"]}}],"collection":[{"href":"https:\/\/www.birga.de\/Blog\/wp-json\/wp\/v2\/posts"}],"about":[{"href":"https:\/\/www.birga.de\/Blog\/wp-json\/wp\/v2\/types\/post"}],"author":[{"embeddable":true,"href":"https:\/\/www.birga.de\/Blog\/wp-json\/wp\/v2\/users\/1"}],"replies":[{"embeddable":true,"href":"https:\/\/www.birga.de\/Blog\/wp-json\/wp\/v2\/comments?post=3664"}],"version-history":[{"count":1,"href":"https:\/\/www.birga.de\/Blog\/wp-json\/wp\/v2\/posts\/3664\/revisions"}],"predecessor-version":[{"id":3667,"href":"https:\/\/www.birga.de\/Blog\/wp-json\/wp\/v2\/posts\/3664\/revisions\/3667"}],"wp:attachment":[{"href":"https:\/\/www.birga.de\/Blog\/wp-json\/wp\/v2\/media?parent=3664"}],"wp:term":[{"taxonomy":"category","embeddable":true,"href":"https:\/\/www.birga.de\/Blog\/wp-json\/wp\/v2\/categories?post=3664"},{"taxonomy":"post_tag","embeddable":true,"href":"https:\/\/www.birga.de\/Blog\/wp-json\/wp\/v2\/tags?post=3664"}],"curies":[{"name":"wp","href":"https:\/\/api.w.org\/{rel}","templated":true}]}}