{"id":4557,"date":"2014-12-13T08:09:10","date_gmt":"2014-12-13T07:09:10","guid":{"rendered":"http:\/\/www.birga.de\/Blog\/?p=4557"},"modified":"2014-12-08T00:14:55","modified_gmt":"2014-12-07T23:14:55","slug":"weihnachtsbasar-in-der-schule","status":"publish","type":"post","link":"https:\/\/www.birga.de\/Blog\/blog\/2014\/12\/13\/weihnachtsbasar-in-der-schule\/","title":{"rendered":"Weihnachtsbasar in der Schule"},"content":{"rendered":"<p>in der Schule fand ein gro\u00dfer Weihnachtsbasar und Flohmarkt statt.<\/p>\n<p>In der Klasse meines gro\u00dfen Sohnes haben einige Kinder zusammen mit mir Nikolaus-Stiefel gen\u00e4ht.<\/p>\n<p><a href=\"http:\/\/www.birga.de\/Blog\/?attachment_id=4558\" rel=\"attachment wp-att-4558\"><img loading=\"lazy\" decoding=\"async\" class=\"aligncenter size-medium wp-image-4558\" src=\"http:\/\/www.birga.de\/Blog\/wp-content\/uploads\/2014\/12\/CIMG1985-300x158.jpg\" alt=\"CIMG1985\" width=\"300\" height=\"158\" srcset=\"https:\/\/www.birga.de\/Blog\/wp-content\/uploads\/2014\/12\/CIMG1985-300x158.jpg 300w, https:\/\/www.birga.de\/Blog\/wp-content\/uploads\/2014\/12\/CIMG1985-150x79.jpg 150w, https:\/\/www.birga.de\/Blog\/wp-content\/uploads\/2014\/12\/CIMG1985-1024x541.jpg 1024w, https:\/\/www.birga.de\/Blog\/wp-content\/uploads\/2014\/12\/CIMG1985-250x132.jpg 250w\" sizes=\"auto, (max-width: 300px) 100vw, 300px\" \/><\/a><\/p>\n<p>&nbsp;<\/p>\n<p>Ich war f\u00fcr das Zuschneiden zust\u00e4ndig, die Kinder haben die Stoffe ausgesucht und gen\u00e4ht.<\/p>\n<p><a href=\"http:\/\/www.birga.de\/Blog\/?attachment_id=4559\" rel=\"attachment wp-att-4559\"><img loading=\"lazy\" decoding=\"async\" class=\"aligncenter size-medium wp-image-4559\" src=\"http:\/\/www.birga.de\/Blog\/wp-content\/uploads\/2014\/12\/CIMG1986-300x185.jpg\" alt=\"CIMG1986\" width=\"300\" height=\"185\" srcset=\"https:\/\/www.birga.de\/Blog\/wp-content\/uploads\/2014\/12\/CIMG1986-300x185.jpg 300w, https:\/\/www.birga.de\/Blog\/wp-content\/uploads\/2014\/12\/CIMG1986-150x92.jpg 150w, https:\/\/www.birga.de\/Blog\/wp-content\/uploads\/2014\/12\/CIMG1986-1024x634.jpg 1024w, https:\/\/www.birga.de\/Blog\/wp-content\/uploads\/2014\/12\/CIMG1986-242x150.jpg 242w\" sizes=\"auto, (max-width: 300px) 100vw, 300px\" \/><\/a>Das Schnittmuster hatte die Lehrerin rausgesucht von:<a href=\"http:\/\/www.bastelideen.info\/html\/weihnachtsstiefel_naehen_b.html\" target=\"_blank\"> Bastelideen.info<\/a><\/p>\n<p>&nbsp;<\/p>\n","protected":false},"excerpt":{"rendered":"<p>in der Schule fand ein gro\u00dfer Weihnachtsbasar und Flohmarkt statt. In der Klasse meines gro\u00dfen Sohnes haben einige Kinder zusammen mit mir Nikolaus-Stiefel gen\u00e4ht. &nbsp; Ich war f\u00fcr das Zuschneiden zust\u00e4ndig, die Kinder haben die Stoffe ausgesucht und gen\u00e4ht. Das Schnittmuster hatte die Lehrerin rausgesucht von: Bastelideen.info &nbsp;<\/p>\n","protected":false},"author":1,"featured_media":0,"comment_status":"open","ping_status":"open","sticky":false,"template":"","format":"standard","meta":{"footnotes":""},"categories":[72,31],"tags":[],"class_list":["post-4557","post","type-post","status-publish","format-standard","hentry","category-stoff","category-weihnachtliches"],"_links":{"self":[{"href":"https:\/\/www.birga.de\/Blog\/wp-json\/wp\/v2\/posts\/4557","targetHints":{"allow":["GET"]}}],"collection":[{"href":"https:\/\/www.birga.de\/Blog\/wp-json\/wp\/v2\/posts"}],"about":[{"href":"https:\/\/www.birga.de\/Blog\/wp-json\/wp\/v2\/types\/post"}],"author":[{"embeddable":true,"href":"https:\/\/www.birga.de\/Blog\/wp-json\/wp\/v2\/users\/1"}],"replies":[{"embeddable":true,"href":"https:\/\/www.birga.de\/Blog\/wp-json\/wp\/v2\/comments?post=4557"}],"version-history":[{"count":3,"href":"https:\/\/www.birga.de\/Blog\/wp-json\/wp\/v2\/posts\/4557\/revisions"}],"predecessor-version":[{"id":4562,"href":"https:\/\/www.birga.de\/Blog\/wp-json\/wp\/v2\/posts\/4557\/revisions\/4562"}],"wp:attachment":[{"href":"https:\/\/www.birga.de\/Blog\/wp-json\/wp\/v2\/media?parent=4557"}],"wp:term":[{"taxonomy":"category","embeddable":true,"href":"https:\/\/www.birga.de\/Blog\/wp-json\/wp\/v2\/categories?post=4557"},{"taxonomy":"post_tag","embeddable":true,"href":"https:\/\/www.birga.de\/Blog\/wp-json\/wp\/v2\/tags?post=4557"}],"curies":[{"name":"wp","href":"https:\/\/api.w.org\/{rel}","templated":true}]}}