{"id":4777,"date":"2015-11-13T07:35:13","date_gmt":"2015-11-13T06:35:13","guid":{"rendered":"http:\/\/www.birga.de\/Blog\/?p=4777"},"modified":"2015-11-13T13:15:51","modified_gmt":"2015-11-13T12:15:51","slug":"jogginghosen-zum-geburtstag","status":"publish","type":"post","link":"https:\/\/www.birga.de\/Blog\/blog\/2015\/11\/13\/jogginghosen-zum-geburtstag\/","title":{"rendered":"Jogginghosen zum Geburtstag"},"content":{"rendered":"<p>Vor einigen Monaten \u00e4u\u00dferte mein gro\u00dfer Sohn den Wunsch nach einer gen\u00e4hten Jogginghose.<\/p>\n<p>Da er den Kinderschnittmustern inzwischen entwachsen ist, habe ich einige Ebooks begutachtet und habe mich dann f\u00fcr <a href=\"http:\/\/www.fredvonsoho.de\/eBooks-Herren\/eBook-Papas-Lieblingsbuxe.html\" target=\"_blank\">&#8222;Papas Lieblingsbuxe&#8220; von Fred von SOHO<\/a> entschieden. Der Schnitt geht von XXS bis 3XL. Damit w\u00e4re dann auch mein Mann abgedeckt.<\/p>\n<p>Die erste Hose n\u00e4hte ich im Fr\u00fchsommer, in XXS , wobei ich aber am Bein keine Saumzugabe dazu gab, denn sonst w\u00e4re die Hose zu lang geworden.<\/p>\n<p>Der Schnitt passte platzsparend auf den Sweat<\/p>\n<p><a href=\"http:\/\/www.birga.de\/Blog\/?attachment_id=4778\" rel=\"attachment wp-att-4778\"><img loading=\"lazy\" decoding=\"async\" class=\"aligncenter size-medium wp-image-4778\" src=\"http:\/\/www.birga.de\/Blog\/wp-content\/uploads\/2015\/11\/20150314_225219-300x169.jpg\" alt=\"20150314_225219\" width=\"300\" height=\"169\" srcset=\"https:\/\/www.birga.de\/Blog\/wp-content\/uploads\/2015\/11\/20150314_225219-300x169.jpg 300w, https:\/\/www.birga.de\/Blog\/wp-content\/uploads\/2015\/11\/20150314_225219-150x84.jpg 150w, https:\/\/www.birga.de\/Blog\/wp-content\/uploads\/2015\/11\/20150314_225219-250x141.jpg 250w, https:\/\/www.birga.de\/Blog\/wp-content\/uploads\/2015\/11\/20150314_225219.jpg 800w\" sizes=\"auto, (max-width: 300px) 100vw, 300px\" \/><\/a><\/p>\n<p>Hier fehlte das B\u00fcndchen an den Beinen noch<br \/>\n<a href=\"http:\/\/www.birga.de\/Blog\/?attachment_id=4779\" rel=\"attachment wp-att-4779\"><img loading=\"lazy\" decoding=\"async\" class=\"aligncenter size-medium wp-image-4779\" src=\"http:\/\/www.birga.de\/Blog\/wp-content\/uploads\/2015\/11\/20150315_015811-169x300.jpg\" alt=\"20150315_015811\" width=\"169\" height=\"300\" srcset=\"https:\/\/www.birga.de\/Blog\/wp-content\/uploads\/2015\/11\/20150315_015811-169x300.jpg 169w, https:\/\/www.birga.de\/Blog\/wp-content\/uploads\/2015\/11\/20150315_015811-84x150.jpg 84w, https:\/\/www.birga.de\/Blog\/wp-content\/uploads\/2015\/11\/20150315_015811-576x1024.jpg 576w, https:\/\/www.birga.de\/Blog\/wp-content\/uploads\/2015\/11\/20150315_015811.jpg 800w\" sizes=\"auto, (max-width: 169px) 100vw, 169px\" \/><\/a><\/p>\n<p>&nbsp;<\/p>\n<p>An die Beine habe ich nach der Anprobe ein schmales\u00a0B\u00fcndchen angen\u00e4ht, weil sie dann doch etwas zu knapp geworden waren. Danach hat es die Hosenicht mehr aufs Foto geschafft. Ein absolutes Lieblingsteil meines Sohnes.<\/p>\n<p>Wie das dann so ist, die Kinder werden immer \u00e4lter und vor 2 Wochen stand der n\u00e4chste Geburtstag an.<\/p>\n<p>Da er mit gen\u00e4hten Sachen sehr eigen ist und sich in die Richtung nichts w\u00fcnschte, habe ich ihm eine weitere Jogginghose gen\u00e4ht. Dieses Mal mit seinen Inizialien und seiner Geburtstagszahl.<\/p>\n<p><a href=\"http:\/\/www.birga.de\/Blog\/?attachment_id=4782\" rel=\"attachment wp-att-4782\"><img loading=\"lazy\" decoding=\"async\" class=\"aligncenter size-medium wp-image-4782\" src=\"http:\/\/www.birga.de\/Blog\/wp-content\/uploads\/2015\/11\/IMG-20151026-WA0006-188x300.jpg\" alt=\"IMG-20151026-WA0006\" width=\"188\" height=\"300\" srcset=\"https:\/\/www.birga.de\/Blog\/wp-content\/uploads\/2015\/11\/IMG-20151026-WA0006-188x300.jpg 188w, https:\/\/www.birga.de\/Blog\/wp-content\/uploads\/2015\/11\/IMG-20151026-WA0006-94x150.jpg 94w, https:\/\/www.birga.de\/Blog\/wp-content\/uploads\/2015\/11\/IMG-20151026-WA0006-640x1024.jpg 640w, https:\/\/www.birga.de\/Blog\/wp-content\/uploads\/2015\/11\/IMG-20151026-WA0006.jpg 800w\" sizes=\"auto, (max-width: 188px) 100vw, 188px\" \/><\/a><\/p>\n<p>Dazu habe ich die Zahlen und Buchstaben, die im Ebook enthalten sind, abgepaust und aus grauem Jersey aufgeb\u00fcgelt und offenkantig mit Neongr\u00fcn aufgesteppt.\u00a0<a href=\"http:\/\/www.birga.de\/Blog\/?attachment_id=4781\" rel=\"attachment wp-att-4781\"><img loading=\"lazy\" decoding=\"async\" class=\"aligncenter size-medium wp-image-4781\" src=\"http:\/\/www.birga.de\/Blog\/wp-content\/uploads\/2015\/11\/IMG-20151026-WA0002-300x188.jpg\" alt=\"IMG-20151026-WA0002\" width=\"300\" height=\"188\" srcset=\"https:\/\/www.birga.de\/Blog\/wp-content\/uploads\/2015\/11\/IMG-20151026-WA0002-300x188.jpg 300w, https:\/\/www.birga.de\/Blog\/wp-content\/uploads\/2015\/11\/IMG-20151026-WA0002-150x94.jpg 150w, https:\/\/www.birga.de\/Blog\/wp-content\/uploads\/2015\/11\/IMG-20151026-WA0002-240x150.jpg 240w, https:\/\/www.birga.de\/Blog\/wp-content\/uploads\/2015\/11\/IMG-20151026-WA0002.jpg 800w\" sizes=\"auto, (max-width: 300px) 100vw, 300px\" \/><\/a><\/p>\n<p>Auch die Patches am Bund habe ich so gen\u00e4ht, statt \u00d6sen die nicht richtig halten, gab es dieses Mal Knopfl\u00f6cher<\/p>\n<p><a href=\"http:\/\/www.birga.de\/Blog\/?attachment_id=4780\" rel=\"attachment wp-att-4780\"><img loading=\"lazy\" decoding=\"async\" class=\"aligncenter size-medium wp-image-4780\" src=\"http:\/\/www.birga.de\/Blog\/wp-content\/uploads\/2015\/11\/IMG-20151026-WA0000-160x300.jpg\" alt=\"IMG-20151026-WA0000\" width=\"160\" height=\"300\" srcset=\"https:\/\/www.birga.de\/Blog\/wp-content\/uploads\/2015\/11\/IMG-20151026-WA0000-160x300.jpg 160w, https:\/\/www.birga.de\/Blog\/wp-content\/uploads\/2015\/11\/IMG-20151026-WA0000-80x150.jpg 80w, https:\/\/www.birga.de\/Blog\/wp-content\/uploads\/2015\/11\/IMG-20151026-WA0000-545x1024.jpg 545w, https:\/\/www.birga.de\/Blog\/wp-content\/uploads\/2015\/11\/IMG-20151026-WA0000.jpg 800w\" sizes=\"auto, (max-width: 160px) 100vw, 160px\" \/><\/a><\/p>\n<p>In der Beinl\u00e4nge habe ich dieses Mal 10 cm zugegeben, so konnte ich auch noch einen Saum n\u00e4hen, der ebenfalls mit Neongr\u00fcn gesteppt wurde.<\/p>\n<p>Mein Sohn hat sich riesig \u00fcber die Hose gefreut und er tr\u00e4gt sie gerne. Was f\u00fcr mich das wichtigste ist.<\/p>\n<p>P.S.: Ich h\u00e4tte ja auch gerne eine andere Sweatfarbe verwendet, aber hier ist nur freundliches Schwarz erw\u00fcnscht.<\/p>\n","protected":false},"excerpt":{"rendered":"<p>Vor einigen Monaten \u00e4u\u00dferte mein gro\u00dfer Sohn den Wunsch nach einer gen\u00e4hten Jogginghose. Da er den Kinderschnittmustern inzwischen entwachsen ist, habe ich einige Ebooks begutachtet und habe mich dann f\u00fcr &#8222;Papas Lieblingsbuxe&#8220; von Fred von SOHO entschieden. Der Schnitt geht von XXS bis 3XL. Damit w\u00e4re dann auch mein Mann \u2026 <a class=\"continue-reading-link\" href=\"https:\/\/www.birga.de\/Blog\/blog\/2015\/11\/13\/jogginghosen-zum-geburtstag\/\">hier geht es weiter: <span class=\"meta-nav\">&rarr; <\/span><\/a><\/p>\n","protected":false},"author":1,"featured_media":0,"comment_status":"open","ping_status":"open","sticky":false,"template":"","format":"standard","meta":{"footnotes":""},"categories":[59,4],"tags":[],"class_list":["post-4777","post","type-post","status-publish","format-standard","hentry","category-bekleidung-genahtes","category-genahtes"],"_links":{"self":[{"href":"https:\/\/www.birga.de\/Blog\/wp-json\/wp\/v2\/posts\/4777","targetHints":{"allow":["GET"]}}],"collection":[{"href":"https:\/\/www.birga.de\/Blog\/wp-json\/wp\/v2\/posts"}],"about":[{"href":"https:\/\/www.birga.de\/Blog\/wp-json\/wp\/v2\/types\/post"}],"author":[{"embeddable":true,"href":"https:\/\/www.birga.de\/Blog\/wp-json\/wp\/v2\/users\/1"}],"replies":[{"embeddable":true,"href":"https:\/\/www.birga.de\/Blog\/wp-json\/wp\/v2\/comments?post=4777"}],"version-history":[{"count":3,"href":"https:\/\/www.birga.de\/Blog\/wp-json\/wp\/v2\/posts\/4777\/revisions"}],"predecessor-version":[{"id":4801,"href":"https:\/\/www.birga.de\/Blog\/wp-json\/wp\/v2\/posts\/4777\/revisions\/4801"}],"wp:attachment":[{"href":"https:\/\/www.birga.de\/Blog\/wp-json\/wp\/v2\/media?parent=4777"}],"wp:term":[{"taxonomy":"category","embeddable":true,"href":"https:\/\/www.birga.de\/Blog\/wp-json\/wp\/v2\/categories?post=4777"},{"taxonomy":"post_tag","embeddable":true,"href":"https:\/\/www.birga.de\/Blog\/wp-json\/wp\/v2\/tags?post=4777"}],"curies":[{"name":"wp","href":"https:\/\/api.w.org\/{rel}","templated":true}]}}