{"id":4879,"date":"2015-11-28T09:34:42","date_gmt":"2015-11-28T08:34:42","guid":{"rendered":"http:\/\/www.birga.de\/Blog\/?p=4879"},"modified":"2015-11-28T09:34:42","modified_gmt":"2015-11-28T08:34:42","slug":"stifterolle-2","status":"publish","type":"post","link":"https:\/\/www.birga.de\/Blog\/blog\/2015\/11\/28\/stifterolle-2\/","title":{"rendered":"Stifterolle"},"content":{"rendered":"<p>Da hat mich in den letzten Tagen tats\u00e4chlich der Vorweihnachtsstress erwischt. Noch ist er nicht vorbei, aber die zeit reicht f\u00fcr den n\u00e4chsten Beitrag.<\/p>\n<p>Im Sommer bekam ich den Auftrag f\u00fcr eine Stifterolle f\u00fcr einen Jungen. Das Design wurde mir \u00fcberlassen &#8222;Du hast doch auch 2 Jungs, du wirst schon wissen was einem Jungen gef\u00e4llt!&#8220; Immerhin konnte ich die Lieblingsfarbe rausbekommen und zwar &#8222;gr\u00fcn&#8220;.<\/p>\n<p>Vor l\u00e4ngerer Zeit hatte ich mal ein kleines St\u00fcck von einem gr\u00fcnen Ameisenstoff gekauft. Leider fand ich nie einen passenden Stoff der zu dem Gr\u00fcnton passt. Nun kam aber endlich die Gelegenheit diesen Stoff zu verarbeiten.<\/p>\n<p>F\u00fcr den Kombistoff bin ich dann aber doch noch mal nach Reher zu Max Albers gefahren, (ein Patchworstoff und Handarbeitsparadies) dort fand ich dann einen grauen Steinenstoff, der gut zu den Ameisen passte.<\/p>\n<p>Beide Stoffe passen gut zusammen.<br \/>\n<a href=\"http:\/\/www.birga.de\/Blog\/?attachment_id=4880\" rel=\"attachment wp-att-4880\"><img loading=\"lazy\" decoding=\"async\" class=\"aligncenter size-medium wp-image-4880\" src=\"http:\/\/www.birga.de\/Blog\/wp-content\/uploads\/2015\/11\/IMG-20150826-WA0000-188x300.jpg\" alt=\"IMG-20150826-WA0000\" width=\"188\" height=\"300\" srcset=\"https:\/\/www.birga.de\/Blog\/wp-content\/uploads\/2015\/11\/IMG-20150826-WA0000-188x300.jpg 188w, https:\/\/www.birga.de\/Blog\/wp-content\/uploads\/2015\/11\/IMG-20150826-WA0000-94x150.jpg 94w, https:\/\/www.birga.de\/Blog\/wp-content\/uploads\/2015\/11\/IMG-20150826-WA0000-640x1024.jpg 640w, https:\/\/www.birga.de\/Blog\/wp-content\/uploads\/2015\/11\/IMG-20150826-WA0000.jpg 800w\" sizes=\"auto, (max-width: 188px) 100vw, 188px\" \/><\/a><\/p>\n<p>Nach meinem bew\u00e4hrten Schnitt, irgendwann schaffe ich es auch die Erg\u00e4nzung zur Nadelspielrolle fertig zu machen. Noch stehen die Ma\u00dfe auf einem Schmierzettel.<br \/>\n<a href=\"http:\/\/www.birga.de\/Blog\/?attachment_id=4881\" rel=\"attachment wp-att-4881\"><img loading=\"lazy\" decoding=\"async\" class=\"aligncenter size-medium wp-image-4881\" src=\"http:\/\/www.birga.de\/Blog\/wp-content\/uploads\/2015\/11\/IMG-20150826-WA0002-300x188.jpg\" alt=\"IMG-20150826-WA0002\" width=\"300\" height=\"188\" srcset=\"https:\/\/www.birga.de\/Blog\/wp-content\/uploads\/2015\/11\/IMG-20150826-WA0002-300x188.jpg 300w, https:\/\/www.birga.de\/Blog\/wp-content\/uploads\/2015\/11\/IMG-20150826-WA0002-150x94.jpg 150w, https:\/\/www.birga.de\/Blog\/wp-content\/uploads\/2015\/11\/IMG-20150826-WA0002-240x150.jpg 240w, https:\/\/www.birga.de\/Blog\/wp-content\/uploads\/2015\/11\/IMG-20150826-WA0002.jpg 800w\" sizes=\"auto, (max-width: 300px) 100vw, 300px\" \/><\/a><\/p>\n<p>Den Namen habe ich f\u00fcrs Foto entfernt.<\/p>\n","protected":false},"excerpt":{"rendered":"<p>Da hat mich in den letzten Tagen tats\u00e4chlich der Vorweihnachtsstress erwischt. Noch ist er nicht vorbei, aber die zeit reicht f\u00fcr den n\u00e4chsten Beitrag. Im Sommer bekam ich den Auftrag f\u00fcr eine Stifterolle f\u00fcr einen Jungen. Das Design wurde mir \u00fcberlassen &#8222;Du hast doch auch 2 Jungs, du wirst schon \u2026 <a class=\"continue-reading-link\" href=\"https:\/\/www.birga.de\/Blog\/blog\/2015\/11\/28\/stifterolle-2\/\">hier geht es weiter: <span class=\"meta-nav\">&rarr; <\/span><\/a><\/p>\n","protected":false},"author":1,"featured_media":0,"comment_status":"open","ping_status":"open","sticky":false,"template":"","format":"standard","meta":{"footnotes":""},"categories":[4,60],"tags":[],"class_list":["post-4879","post","type-post","status-publish","format-standard","hentry","category-genahtes","category-taschen"],"_links":{"self":[{"href":"https:\/\/www.birga.de\/Blog\/wp-json\/wp\/v2\/posts\/4879","targetHints":{"allow":["GET"]}}],"collection":[{"href":"https:\/\/www.birga.de\/Blog\/wp-json\/wp\/v2\/posts"}],"about":[{"href":"https:\/\/www.birga.de\/Blog\/wp-json\/wp\/v2\/types\/post"}],"author":[{"embeddable":true,"href":"https:\/\/www.birga.de\/Blog\/wp-json\/wp\/v2\/users\/1"}],"replies":[{"embeddable":true,"href":"https:\/\/www.birga.de\/Blog\/wp-json\/wp\/v2\/comments?post=4879"}],"version-history":[{"count":1,"href":"https:\/\/www.birga.de\/Blog\/wp-json\/wp\/v2\/posts\/4879\/revisions"}],"predecessor-version":[{"id":4882,"href":"https:\/\/www.birga.de\/Blog\/wp-json\/wp\/v2\/posts\/4879\/revisions\/4882"}],"wp:attachment":[{"href":"https:\/\/www.birga.de\/Blog\/wp-json\/wp\/v2\/media?parent=4879"}],"wp:term":[{"taxonomy":"category","embeddable":true,"href":"https:\/\/www.birga.de\/Blog\/wp-json\/wp\/v2\/categories?post=4879"},{"taxonomy":"post_tag","embeddable":true,"href":"https:\/\/www.birga.de\/Blog\/wp-json\/wp\/v2\/tags?post=4879"}],"curies":[{"name":"wp","href":"https:\/\/api.w.org\/{rel}","templated":true}]}}