{"id":4887,"date":"2015-11-29T13:47:45","date_gmt":"2015-11-29T12:47:45","guid":{"rendered":"http:\/\/www.birga.de\/Blog\/?p=4887"},"modified":"2015-11-29T13:47:45","modified_gmt":"2015-11-29T12:47:45","slug":"der-1-advent","status":"publish","type":"post","link":"https:\/\/www.birga.de\/Blog\/blog\/2015\/11\/29\/der-1-advent\/","title":{"rendered":"Der 1. Advent"},"content":{"rendered":"<p>Ich w\u00fcnsche allen einen sch\u00f6nen 1. Advent.<\/p>\n<p>Das ist mein Adventskranz f\u00fcrs Wohnzimmer<\/p>\n<p><a href=\"http:\/\/www.birga.de\/Blog\/?attachment_id=4888\" rel=\"attachment wp-att-4888\"><img loading=\"lazy\" decoding=\"async\" class=\"aligncenter size-medium wp-image-4888\" src=\"http:\/\/www.birga.de\/Blog\/wp-content\/uploads\/2015\/11\/IMG-20151128-WA0006-300x300.jpg\" alt=\"IMG-20151128-WA0006\" width=\"300\" height=\"300\" srcset=\"https:\/\/www.birga.de\/Blog\/wp-content\/uploads\/2015\/11\/IMG-20151128-WA0006-300x300.jpg 300w, https:\/\/www.birga.de\/Blog\/wp-content\/uploads\/2015\/11\/IMG-20151128-WA0006-150x150.jpg 150w, https:\/\/www.birga.de\/Blog\/wp-content\/uploads\/2015\/11\/IMG-20151128-WA0006-1024x1024.jpg 1024w, https:\/\/www.birga.de\/Blog\/wp-content\/uploads\/2015\/11\/IMG-20151128-WA0006.jpg 1405w\" sizes=\"auto, (max-width: 300px) 100vw, 300px\" \/><\/a><\/p>\n","protected":false},"excerpt":{"rendered":"<p>Ich w\u00fcnsche allen einen sch\u00f6nen 1. Advent. Das ist mein Adventskranz f\u00fcrs Wohnzimmer<\/p>\n","protected":false},"author":1,"featured_media":0,"comment_status":"open","ping_status":"open","sticky":false,"template":"","format":"standard","meta":{"footnotes":""},"categories":[74,73,84,6,31],"tags":[],"class_list":["post-4887","post","type-post","status-publish","format-standard","hentry","category-deko","category-floristik","category-floristik-und-blumen","category-meine-deko","category-weihnachtliches"],"_links":{"self":[{"href":"https:\/\/www.birga.de\/Blog\/wp-json\/wp\/v2\/posts\/4887","targetHints":{"allow":["GET"]}}],"collection":[{"href":"https:\/\/www.birga.de\/Blog\/wp-json\/wp\/v2\/posts"}],"about":[{"href":"https:\/\/www.birga.de\/Blog\/wp-json\/wp\/v2\/types\/post"}],"author":[{"embeddable":true,"href":"https:\/\/www.birga.de\/Blog\/wp-json\/wp\/v2\/users\/1"}],"replies":[{"embeddable":true,"href":"https:\/\/www.birga.de\/Blog\/wp-json\/wp\/v2\/comments?post=4887"}],"version-history":[{"count":1,"href":"https:\/\/www.birga.de\/Blog\/wp-json\/wp\/v2\/posts\/4887\/revisions"}],"predecessor-version":[{"id":4889,"href":"https:\/\/www.birga.de\/Blog\/wp-json\/wp\/v2\/posts\/4887\/revisions\/4889"}],"wp:attachment":[{"href":"https:\/\/www.birga.de\/Blog\/wp-json\/wp\/v2\/media?parent=4887"}],"wp:term":[{"taxonomy":"category","embeddable":true,"href":"https:\/\/www.birga.de\/Blog\/wp-json\/wp\/v2\/categories?post=4887"},{"taxonomy":"post_tag","embeddable":true,"href":"https:\/\/www.birga.de\/Blog\/wp-json\/wp\/v2\/tags?post=4887"}],"curies":[{"name":"wp","href":"https:\/\/api.w.org\/{rel}","templated":true}]}}