{"id":4962,"date":"2015-12-26T00:21:41","date_gmt":"2015-12-25T23:21:41","guid":{"rendered":"http:\/\/www.birga.de\/Blog\/?p=4962"},"modified":"2015-12-27T00:23:20","modified_gmt":"2015-12-26T23:23:20","slug":"frohe-weihnachten-3","status":"publish","type":"post","link":"https:\/\/www.birga.de\/Blog\/blog\/2015\/12\/26\/frohe-weihnachten-3\/","title":{"rendered":"Frohe Weihnachten!"},"content":{"rendered":"<p>26Naja nun ist Weihnachten vorbei, aber ich hoffe sehr ihr hattet alle ein sch\u00f6nes Weihnachtsfest.<\/p>\n<p>Ein paar Impressionen von unserem Weihnachtsfest.<\/p>\n<p>Immer wieder sch\u00f6n, der Bascetta-Stern aus der K\u00fcche<\/p>\n<p><a href=\"http:\/\/www.birga.de\/Blog\/?attachment_id=4963\" rel=\"attachment wp-att-4963\"><img loading=\"lazy\" decoding=\"async\" class=\"aligncenter size-medium wp-image-4963\" src=\"http:\/\/www.birga.de\/Blog\/wp-content\/uploads\/2015\/12\/DSC00014a-1-292x300.jpg\" alt=\"DSC00014a\" width=\"292\" height=\"300\" srcset=\"https:\/\/www.birga.de\/Blog\/wp-content\/uploads\/2015\/12\/DSC00014a-1-292x300.jpg 292w, https:\/\/www.birga.de\/Blog\/wp-content\/uploads\/2015\/12\/DSC00014a-1-146x150.jpg 146w, https:\/\/www.birga.de\/Blog\/wp-content\/uploads\/2015\/12\/DSC00014a-1-768x789.jpg 768w, https:\/\/www.birga.de\/Blog\/wp-content\/uploads\/2015\/12\/DSC00014a-1.jpg 800w\" sizes=\"auto, (max-width: 292px) 100vw, 292px\" \/><\/a><\/p>\n<p>Der Couch-Tisch, mit der Tischdecke, die meine Gro\u00dfmutter gestickt hat. Da musste mein Adventskranz hinziehen.<\/p>\n<p><a href=\"http:\/\/www.birga.de\/Blog\/?attachment_id=4964\" rel=\"attachment wp-att-4964\"><img loading=\"lazy\" decoding=\"async\" class=\"aligncenter size-medium wp-image-4964\" src=\"http:\/\/www.birga.de\/Blog\/wp-content\/uploads\/2015\/12\/DSC00430-300x200.jpg\" alt=\"DSC00430\" width=\"300\" height=\"200\" srcset=\"https:\/\/www.birga.de\/Blog\/wp-content\/uploads\/2015\/12\/DSC00430-300x200.jpg 300w, https:\/\/www.birga.de\/Blog\/wp-content\/uploads\/2015\/12\/DSC00430-150x100.jpg 150w, https:\/\/www.birga.de\/Blog\/wp-content\/uploads\/2015\/12\/DSC00430-768x511.jpg 768w, https:\/\/www.birga.de\/Blog\/wp-content\/uploads\/2015\/12\/DSC00430-225x150.jpg 225w, https:\/\/www.birga.de\/Blog\/wp-content\/uploads\/2015\/12\/DSC00430.jpg 1000w\" sizes=\"auto, (max-width: 300px) 100vw, 300px\" \/><\/a><\/p>\n<p>Glitzerne Schneesterne durften mal wieder den Baum zieren.<\/p>\n<p><a href=\"http:\/\/www.birga.de\/Blog\/?attachment_id=4965\" rel=\"attachment wp-att-4965\"><img loading=\"lazy\" decoding=\"async\" class=\"aligncenter size-medium wp-image-4965\" src=\"http:\/\/www.birga.de\/Blog\/wp-content\/uploads\/2015\/12\/DSC00434-300x200.jpg\" alt=\"DSC00434\" width=\"300\" height=\"200\" srcset=\"https:\/\/www.birga.de\/Blog\/wp-content\/uploads\/2015\/12\/DSC00434-300x200.jpg 300w, https:\/\/www.birga.de\/Blog\/wp-content\/uploads\/2015\/12\/DSC00434-150x100.jpg 150w, https:\/\/www.birga.de\/Blog\/wp-content\/uploads\/2015\/12\/DSC00434-768x511.jpg 768w, https:\/\/www.birga.de\/Blog\/wp-content\/uploads\/2015\/12\/DSC00434-225x150.jpg 225w, https:\/\/www.birga.de\/Blog\/wp-content\/uploads\/2015\/12\/DSC00434.jpg 1000w\" sizes=\"auto, (max-width: 300px) 100vw, 300px\" \/><\/a><\/p>\n<p>Zusammen mit den Schneem\u00e4nnern, die ich vor vielen Jahren bastelte, damals wohnte ich noch zu Hause. Das d\u00fcrfte demnach um die 23 Jahre her sein.<\/p>\n<p><a href=\"http:\/\/www.birga.de\/Blog\/?attachment_id=4966\" rel=\"attachment wp-att-4966\"><img loading=\"lazy\" decoding=\"async\" class=\"aligncenter size-medium wp-image-4966\" src=\"http:\/\/www.birga.de\/Blog\/wp-content\/uploads\/2015\/12\/DSC00436-300x200.jpg\" alt=\"DSC00436\" width=\"300\" height=\"200\" srcset=\"https:\/\/www.birga.de\/Blog\/wp-content\/uploads\/2015\/12\/DSC00436-300x200.jpg 300w, https:\/\/www.birga.de\/Blog\/wp-content\/uploads\/2015\/12\/DSC00436-150x100.jpg 150w, https:\/\/www.birga.de\/Blog\/wp-content\/uploads\/2015\/12\/DSC00436-768x511.jpg 768w, https:\/\/www.birga.de\/Blog\/wp-content\/uploads\/2015\/12\/DSC00436-225x150.jpg 225w, https:\/\/www.birga.de\/Blog\/wp-content\/uploads\/2015\/12\/DSC00436.jpg 1000w\" sizes=\"auto, (max-width: 300px) 100vw, 300px\" \/><\/a><\/p>\n<p>Der Baum in seiner ganzen Pracht. Ich liebe unseren diesj\u00e4hrigen Weihnachtsbaum, er ist f\u00fcr diese Ecke einfach perfekt.<\/p>\n<p><a href=\"http:\/\/www.birga.de\/Blog\/?attachment_id=4967\" rel=\"attachment wp-att-4967\"><img loading=\"lazy\" decoding=\"async\" class=\"aligncenter size-medium wp-image-4967\" src=\"http:\/\/www.birga.de\/Blog\/wp-content\/uploads\/2015\/12\/DSC00462-200x300.jpg\" alt=\"DSC00462\" width=\"200\" height=\"300\" srcset=\"https:\/\/www.birga.de\/Blog\/wp-content\/uploads\/2015\/12\/DSC00462-200x300.jpg 200w, https:\/\/www.birga.de\/Blog\/wp-content\/uploads\/2015\/12\/DSC00462-100x150.jpg 100w, https:\/\/www.birga.de\/Blog\/wp-content\/uploads\/2015\/12\/DSC00462-768x1154.jpg 768w, https:\/\/www.birga.de\/Blog\/wp-content\/uploads\/2015\/12\/DSC00462-682x1024.jpg 682w, https:\/\/www.birga.de\/Blog\/wp-content\/uploads\/2015\/12\/DSC00462.jpg 1000w\" sizes=\"auto, (max-width: 200px) 100vw, 200px\" \/><\/a><\/p>\n<p>Weihnachtsstimmung im Wohnzimmer<\/p>\n<p><a href=\"http:\/\/www.birga.de\/Blog\/?attachment_id=4968\" rel=\"attachment wp-att-4968\"><img loading=\"lazy\" decoding=\"async\" class=\"aligncenter size-medium wp-image-4968\" src=\"http:\/\/www.birga.de\/Blog\/wp-content\/uploads\/2015\/12\/DSC00463-300x205.jpg\" alt=\"DSC00463\" width=\"300\" height=\"205\" srcset=\"https:\/\/www.birga.de\/Blog\/wp-content\/uploads\/2015\/12\/DSC00463-300x205.jpg 300w, https:\/\/www.birga.de\/Blog\/wp-content\/uploads\/2015\/12\/DSC00463-150x102.jpg 150w, https:\/\/www.birga.de\/Blog\/wp-content\/uploads\/2015\/12\/DSC00463-768x524.jpg 768w, https:\/\/www.birga.de\/Blog\/wp-content\/uploads\/2015\/12\/DSC00463-220x150.jpg 220w, https:\/\/www.birga.de\/Blog\/wp-content\/uploads\/2015\/12\/DSC00463.jpg 1000w\" sizes=\"auto, (max-width: 300px) 100vw, 300px\" \/><\/a><\/p>\n<p>Diese kleinen Krippenfiguren bekam ich vor einigen Jahren geschenkt, sie sind aus Fimo in Miniaturgr\u00f6\u00dfe hergestellt und werden \u00fcbers Jahr in einer Streichholzschachtel aufbewahrt.<\/p>\n<p><a href=\"http:\/\/www.birga.de\/Blog\/?attachment_id=4969\" rel=\"attachment wp-att-4969\"><img loading=\"lazy\" decoding=\"async\" class=\"aligncenter size-medium wp-image-4969\" src=\"http:\/\/www.birga.de\/Blog\/wp-content\/uploads\/2015\/12\/DSC00473-300x200.jpg\" alt=\"DSC00473\" width=\"300\" height=\"200\" srcset=\"https:\/\/www.birga.de\/Blog\/wp-content\/uploads\/2015\/12\/DSC00473-300x200.jpg 300w, https:\/\/www.birga.de\/Blog\/wp-content\/uploads\/2015\/12\/DSC00473-150x100.jpg 150w, https:\/\/www.birga.de\/Blog\/wp-content\/uploads\/2015\/12\/DSC00473-768x511.jpg 768w, https:\/\/www.birga.de\/Blog\/wp-content\/uploads\/2015\/12\/DSC00473-225x150.jpg 225w, https:\/\/www.birga.de\/Blog\/wp-content\/uploads\/2015\/12\/DSC00473.jpg 1000w\" sizes=\"auto, (max-width: 300px) 100vw, 300px\" \/><\/a><\/p>\n<p>Am 1. Feiertag kam meine Familie zu Besuch.<\/p>\n<p><a href=\"http:\/\/www.birga.de\/Blog\/?attachment_id=4970\" rel=\"attachment wp-att-4970\"><img loading=\"lazy\" decoding=\"async\" class=\"aligncenter size-medium wp-image-4970\" src=\"http:\/\/www.birga.de\/Blog\/wp-content\/uploads\/2015\/12\/DSC00681-300x200.jpg\" alt=\"DSC00681\" width=\"300\" height=\"200\" srcset=\"https:\/\/www.birga.de\/Blog\/wp-content\/uploads\/2015\/12\/DSC00681-300x200.jpg 300w, https:\/\/www.birga.de\/Blog\/wp-content\/uploads\/2015\/12\/DSC00681-150x100.jpg 150w, https:\/\/www.birga.de\/Blog\/wp-content\/uploads\/2015\/12\/DSC00681-768x511.jpg 768w, https:\/\/www.birga.de\/Blog\/wp-content\/uploads\/2015\/12\/DSC00681-225x150.jpg 225w, https:\/\/www.birga.de\/Blog\/wp-content\/uploads\/2015\/12\/DSC00681.jpg 1000w\" sizes=\"auto, (max-width: 300px) 100vw, 300px\" \/><\/a><\/p>\n<p>Der Tisch wurde ausgezogen und festlich gedeckt.<\/p>\n<p><a href=\"http:\/\/www.birga.de\/Blog\/?attachment_id=4971\" rel=\"attachment wp-att-4971\"><img loading=\"lazy\" decoding=\"async\" class=\"aligncenter size-medium wp-image-4971\" src=\"http:\/\/www.birga.de\/Blog\/wp-content\/uploads\/2015\/12\/DSC00682-300x200.jpg\" alt=\"DSC00682\" width=\"300\" height=\"200\" srcset=\"https:\/\/www.birga.de\/Blog\/wp-content\/uploads\/2015\/12\/DSC00682-300x200.jpg 300w, https:\/\/www.birga.de\/Blog\/wp-content\/uploads\/2015\/12\/DSC00682-150x100.jpg 150w, https:\/\/www.birga.de\/Blog\/wp-content\/uploads\/2015\/12\/DSC00682-768x511.jpg 768w, https:\/\/www.birga.de\/Blog\/wp-content\/uploads\/2015\/12\/DSC00682-225x150.jpg 225w, https:\/\/www.birga.de\/Blog\/wp-content\/uploads\/2015\/12\/DSC00682.jpg 1000w\" sizes=\"auto, (max-width: 300px) 100vw, 300px\" \/><\/a><\/p>\n<p>Mein kleiner Sohn war f\u00fcr die Servietten zust\u00e4ndig und lie\u00df es sich nicht nehmen bei Youtube nach einer originellen Faltanleitung zu suchen um diese nach zu falten.<\/p>\n<p><a href=\"http:\/\/www.birga.de\/Blog\/?attachment_id=4972\" rel=\"attachment wp-att-4972\"><img loading=\"lazy\" decoding=\"async\" class=\"aligncenter size-medium wp-image-4972\" src=\"http:\/\/www.birga.de\/Blog\/wp-content\/uploads\/2015\/12\/DSC00683-300x200.jpg\" alt=\"DSC00683\" width=\"300\" height=\"200\" srcset=\"https:\/\/www.birga.de\/Blog\/wp-content\/uploads\/2015\/12\/DSC00683-300x200.jpg 300w, https:\/\/www.birga.de\/Blog\/wp-content\/uploads\/2015\/12\/DSC00683-150x100.jpg 150w, https:\/\/www.birga.de\/Blog\/wp-content\/uploads\/2015\/12\/DSC00683-768x511.jpg 768w, https:\/\/www.birga.de\/Blog\/wp-content\/uploads\/2015\/12\/DSC00683-225x150.jpg 225w, https:\/\/www.birga.de\/Blog\/wp-content\/uploads\/2015\/12\/DSC00683.jpg 1000w\" sizes=\"auto, (max-width: 300px) 100vw, 300px\" \/><\/a><\/p>\n<p>Eine schichte Tischdeko, da auf dem Tisch ja auch noch die ganzen Platten und Sch\u00fcsseln einen Platz finden sollten.<\/p>\n<p><a href=\"http:\/\/www.birga.de\/Blog\/?attachment_id=4973\" rel=\"attachment wp-att-4973\"><img loading=\"lazy\" decoding=\"async\" class=\"aligncenter size-medium wp-image-4973\" src=\"http:\/\/www.birga.de\/Blog\/wp-content\/uploads\/2015\/12\/DSC00684-300x200.jpg\" alt=\"DSC00684\" width=\"300\" height=\"200\" srcset=\"https:\/\/www.birga.de\/Blog\/wp-content\/uploads\/2015\/12\/DSC00684-300x200.jpg 300w, https:\/\/www.birga.de\/Blog\/wp-content\/uploads\/2015\/12\/DSC00684-150x100.jpg 150w, https:\/\/www.birga.de\/Blog\/wp-content\/uploads\/2015\/12\/DSC00684-768x511.jpg 768w, https:\/\/www.birga.de\/Blog\/wp-content\/uploads\/2015\/12\/DSC00684-225x150.jpg 225w, https:\/\/www.birga.de\/Blog\/wp-content\/uploads\/2015\/12\/DSC00684.jpg 1000w\" sizes=\"auto, (max-width: 300px) 100vw, 300px\" \/><\/a><\/p>\n","protected":false},"excerpt":{"rendered":"<p>26Naja nun ist Weihnachten vorbei, aber ich hoffe sehr ihr hattet alle ein sch\u00f6nes Weihnachtsfest. Ein paar Impressionen von unserem Weihnachtsfest. Immer wieder sch\u00f6n, der Bascetta-Stern aus der K\u00fcche Der Couch-Tisch, mit der Tischdecke, die meine Gro\u00dfmutter gestickt hat. Da musste mein Adventskranz hinziehen. Glitzerne Schneesterne durften mal wieder den \u2026 <a class=\"continue-reading-link\" href=\"https:\/\/www.birga.de\/Blog\/blog\/2015\/12\/26\/frohe-weihnachten-3\/\">hier geht es weiter: <span class=\"meta-nav\">&rarr; <\/span><\/a><\/p>\n","protected":false},"author":1,"featured_media":0,"comment_status":"open","ping_status":"open","sticky":false,"template":"","format":"standard","meta":{"footnotes":""},"categories":[74,73,86,6,71,31],"tags":[],"class_list":["post-4962","post","type-post","status-publish","format-standard","hentry","category-deko","category-floristik","category-gebasteltes","category-meine-deko","category-papier-weihnachtliches","category-weihnachtliches"],"_links":{"self":[{"href":"https:\/\/www.birga.de\/Blog\/wp-json\/wp\/v2\/posts\/4962","targetHints":{"allow":["GET"]}}],"collection":[{"href":"https:\/\/www.birga.de\/Blog\/wp-json\/wp\/v2\/posts"}],"about":[{"href":"https:\/\/www.birga.de\/Blog\/wp-json\/wp\/v2\/types\/post"}],"author":[{"embeddable":true,"href":"https:\/\/www.birga.de\/Blog\/wp-json\/wp\/v2\/users\/1"}],"replies":[{"embeddable":true,"href":"https:\/\/www.birga.de\/Blog\/wp-json\/wp\/v2\/comments?post=4962"}],"version-history":[{"count":4,"href":"https:\/\/www.birga.de\/Blog\/wp-json\/wp\/v2\/posts\/4962\/revisions"}],"predecessor-version":[{"id":4977,"href":"https:\/\/www.birga.de\/Blog\/wp-json\/wp\/v2\/posts\/4962\/revisions\/4977"}],"wp:attachment":[{"href":"https:\/\/www.birga.de\/Blog\/wp-json\/wp\/v2\/media?parent=4962"}],"wp:term":[{"taxonomy":"category","embeddable":true,"href":"https:\/\/www.birga.de\/Blog\/wp-json\/wp\/v2\/categories?post=4962"},{"taxonomy":"post_tag","embeddable":true,"href":"https:\/\/www.birga.de\/Blog\/wp-json\/wp\/v2\/tags?post=4962"}],"curies":[{"name":"wp","href":"https:\/\/api.w.org\/{rel}","templated":true}]}}