{"id":5200,"date":"2016-07-10T07:08:13","date_gmt":"2016-07-10T05:08:13","guid":{"rendered":"http:\/\/www.birga.de\/Blog\/?p=5200"},"modified":"2016-07-06T13:17:04","modified_gmt":"2016-07-06T11:17:04","slug":"t-shirt-und-2-hosen-ibiza","status":"publish","type":"post","link":"https:\/\/www.birga.de\/Blog\/blog\/2016\/07\/10\/t-shirt-und-2-hosen-ibiza\/","title":{"rendered":"T-Shirt und 2 Hosen &#8222;Ibiza&#8220;"},"content":{"rendered":"<p>Vor kurzem kam bei &#8222;Alles f\u00fcr Selbermacher&#8220; das\u00a0neue Schnittmuster f\u00fcr die kurze Hosen &#8222;Ibiza&#8220; raus. Da ich grade auf der Suche nach einer bequemen kurzen Hose war, kam es mir gerade recht.<\/p>\n<p>Aber zuerst hatte ich mir ein T-Shirt gen\u00e4ht, wieder nach dem Schnitt\u00a0\u201eMonday Basic\u201c aus der Ottobre 5\/2013, aber mit gek\u00fcrzten Armen. Dazu w\u00e4hlte ich mir dann einen einfarbigen Jersey aus und n\u00e4hte die erste Hose. Sie war mir aber gef\u00fchlt etwas zu kurz.<\/p>\n<p><a href=\"http:\/\/www.birga.de\/Blog\/?attachment_id=5201\" rel=\"attachment wp-att-5201\"><img loading=\"lazy\" decoding=\"async\" class=\"aligncenter size-medium wp-image-5201\" src=\"http:\/\/www.birga.de\/Blog\/wp-content\/uploads\/2016\/07\/DSC02487-431x600.jpg\" alt=\"DSC02487\" width=\"431\" height=\"600\" srcset=\"https:\/\/www.birga.de\/Blog\/wp-content\/uploads\/2016\/07\/DSC02487-431x600.jpg 431w, https:\/\/www.birga.de\/Blog\/wp-content\/uploads\/2016\/07\/DSC02487-108x150.jpg 108w, https:\/\/www.birga.de\/Blog\/wp-content\/uploads\/2016\/07\/DSC02487-735x1024.jpg 735w, https:\/\/www.birga.de\/Blog\/wp-content\/uploads\/2016\/07\/DSC02487.jpg 1000w\" sizes=\"auto, (max-width: 431px) 100vw, 431px\" \/><\/a><\/p>\n<p>F\u00fcr die 2. Hose nahm ich einen Webstoff, ich denke mal es ist ein Leinen-Viskose gemisch und ich verl\u00e4ngerte die Hose um 9 cm.<\/p>\n<p><a href=\"http:\/\/www.birga.de\/Blog\/?attachment_id=5202\" rel=\"attachment wp-att-5202\"><img loading=\"lazy\" decoding=\"async\" class=\"aligncenter size-medium wp-image-5202\" src=\"http:\/\/www.birga.de\/Blog\/wp-content\/uploads\/2016\/07\/DSC02496-425x600.jpg\" alt=\"DSC02496\" width=\"425\" height=\"600\" srcset=\"https:\/\/www.birga.de\/Blog\/wp-content\/uploads\/2016\/07\/DSC02496-425x600.jpg 425w, https:\/\/www.birga.de\/Blog\/wp-content\/uploads\/2016\/07\/DSC02496-106x150.jpg 106w, https:\/\/www.birga.de\/Blog\/wp-content\/uploads\/2016\/07\/DSC02496-725x1024.jpg 725w, https:\/\/www.birga.de\/Blog\/wp-content\/uploads\/2016\/07\/DSC02496.jpg 1000w\" sizes=\"auto, (max-width: 425px) 100vw, 425px\" \/><\/a><\/p>\n<p>Beide Hosen habe ich jetzt schon getragen und grade wenn es sehr warm ist, sind sie angenehm zu tragen. das Einzige war mir nicht richtig gef\u00e4llt ist die Faltenbildung im vorderen Bereich, ich denke da muss ich den Schnitt noch etwas nachbessern. Denn schon auf den Produktfotos fand ich diese st\u00f6renden Falten.<\/p>\n","protected":false},"excerpt":{"rendered":"<p>Vor kurzem kam bei &#8222;Alles f\u00fcr Selbermacher&#8220; das\u00a0neue Schnittmuster f\u00fcr die kurze Hosen &#8222;Ibiza&#8220; raus. Da ich grade auf der Suche nach einer bequemen kurzen Hose war, kam es mir gerade recht. Aber zuerst hatte ich mir ein T-Shirt gen\u00e4ht, wieder nach dem Schnitt\u00a0\u201eMonday Basic\u201c aus der Ottobre 5\/2013, aber \u2026 <a class=\"continue-reading-link\" href=\"https:\/\/www.birga.de\/Blog\/blog\/2016\/07\/10\/t-shirt-und-2-hosen-ibiza\/\">hier geht es weiter: <span class=\"meta-nav\">&rarr; <\/span><\/a><\/p>\n","protected":false},"author":1,"featured_media":0,"comment_status":"open","ping_status":"open","sticky":false,"template":"","format":"standard","meta":{"footnotes":""},"categories":[59,4],"tags":[],"class_list":["post-5200","post","type-post","status-publish","format-standard","hentry","category-bekleidung-genahtes","category-genahtes"],"_links":{"self":[{"href":"https:\/\/www.birga.de\/Blog\/wp-json\/wp\/v2\/posts\/5200","targetHints":{"allow":["GET"]}}],"collection":[{"href":"https:\/\/www.birga.de\/Blog\/wp-json\/wp\/v2\/posts"}],"about":[{"href":"https:\/\/www.birga.de\/Blog\/wp-json\/wp\/v2\/types\/post"}],"author":[{"embeddable":true,"href":"https:\/\/www.birga.de\/Blog\/wp-json\/wp\/v2\/users\/1"}],"replies":[{"embeddable":true,"href":"https:\/\/www.birga.de\/Blog\/wp-json\/wp\/v2\/comments?post=5200"}],"version-history":[{"count":1,"href":"https:\/\/www.birga.de\/Blog\/wp-json\/wp\/v2\/posts\/5200\/revisions"}],"predecessor-version":[{"id":5203,"href":"https:\/\/www.birga.de\/Blog\/wp-json\/wp\/v2\/posts\/5200\/revisions\/5203"}],"wp:attachment":[{"href":"https:\/\/www.birga.de\/Blog\/wp-json\/wp\/v2\/media?parent=5200"}],"wp:term":[{"taxonomy":"category","embeddable":true,"href":"https:\/\/www.birga.de\/Blog\/wp-json\/wp\/v2\/categories?post=5200"},{"taxonomy":"post_tag","embeddable":true,"href":"https:\/\/www.birga.de\/Blog\/wp-json\/wp\/v2\/tags?post=5200"}],"curies":[{"name":"wp","href":"https:\/\/api.w.org\/{rel}","templated":true}]}}