{"id":5283,"date":"2016-10-10T07:10:57","date_gmt":"2016-10-10T05:10:57","guid":{"rendered":"http:\/\/www.birga.de\/Blog\/?p=5283"},"modified":"2016-10-09T17:26:43","modified_gmt":"2016-10-09T15:26:43","slug":"ein-turnbeutel-fuer-mich-aber-als-handtasche","status":"publish","type":"post","link":"https:\/\/www.birga.de\/Blog\/blog\/2016\/10\/10\/ein-turnbeutel-fuer-mich-aber-als-handtasche\/","title":{"rendered":"Ein Turnbeutel f\u00fcr mich, aber als Handtasche"},"content":{"rendered":"<p>Neulich wollten wir meinen Sohn beim MPS in Hamburg \u00d6jendorf besuchen, da das Wetter aber eher wechselhaft war und ich meine Tasche nicht immer quer \u00fcber die Schulter tragen wollte habe ich mir einen Turnbeutel oder auch &#8222;Hipsterbag&#8220; gen\u00e4ht.<\/p>\n<p>Kurz zuvor fand ich auf dem Restetisch bei Stoff und Stil in Halstenbek ein St\u00fcck Kunstleder, das wollte ich als Boden benutzen, damit ich die Tasche auch mal abstellen kann, die \u00d6sen nahm ich dann auch gleich mit, denn vorher hatte ich schon einen sch\u00f6nen\u00a0Baumwollstoff beim Hagenbaumarkt mitgenommen und die extra dicke Kordel bei Amazon bestellt. Damit hatte ich alles f\u00fcr die Tasche da.<\/p>\n<p>Als Schnittmuster nahm ich die Ma\u00dfe von <a href=\"http:\/\/www.elfenkindberlin.de\/2014\/09\/03\/turnbeutel-diygewinnspiel\/\" target=\"_blank\">Elfenkind Berlin<\/a>. Allerdings wollte ich meine Tasche gef\u00fcttert haben und mit geschlossenen Kanten innen. So musste ich beim N\u00e4hen etwas t\u00fcfteln, damit es so wird wie ich es mir vorgestellt habe. Aber es hat gut geklappt und ich liebe meine neue Tasche sehr.<\/p>\n<p><a href=\"http:\/\/www.birga.de\/Blog\/?attachment_id=5284\" rel=\"attachment wp-att-5284\"><img loading=\"lazy\" decoding=\"async\" class=\"aligncenter size-medium wp-image-5284\" src=\"http:\/\/www.birga.de\/Blog\/wp-content\/uploads\/2016\/10\/DSC02798-600x502.jpg\" alt=\"dsc02798\" width=\"600\" height=\"502\" srcset=\"https:\/\/www.birga.de\/Blog\/wp-content\/uploads\/2016\/10\/DSC02798-600x502.jpg 600w, https:\/\/www.birga.de\/Blog\/wp-content\/uploads\/2016\/10\/DSC02798-150x126.jpg 150w, https:\/\/www.birga.de\/Blog\/wp-content\/uploads\/2016\/10\/DSC02798-179x150.jpg 179w, https:\/\/www.birga.de\/Blog\/wp-content\/uploads\/2016\/10\/DSC02798.jpg 1000w\" sizes=\"auto, (max-width: 600px) 100vw, 600px\" \/><\/a><\/p>\n<p><a href=\"http:\/\/www.birga.de\/Blog\/?attachment_id=5285\" rel=\"attachment wp-att-5285\"><img loading=\"lazy\" decoding=\"async\" class=\"aligncenter size-medium wp-image-5285\" src=\"http:\/\/www.birga.de\/Blog\/wp-content\/uploads\/2016\/10\/DSC02800-399x600.jpg\" alt=\"dsc02800\" width=\"399\" height=\"600\" srcset=\"https:\/\/www.birga.de\/Blog\/wp-content\/uploads\/2016\/10\/DSC02800-399x600.jpg 399w, https:\/\/www.birga.de\/Blog\/wp-content\/uploads\/2016\/10\/DSC02800-100x150.jpg 100w, https:\/\/www.birga.de\/Blog\/wp-content\/uploads\/2016\/10\/DSC02800-682x1024.jpg 682w, https:\/\/www.birga.de\/Blog\/wp-content\/uploads\/2016\/10\/DSC02800.jpg 1000w\" sizes=\"auto, (max-width: 399px) 100vw, 399px\" \/><\/a><\/p>\n","protected":false},"excerpt":{"rendered":"<p>Neulich wollten wir meinen Sohn beim MPS in Hamburg \u00d6jendorf besuchen, da das Wetter aber eher wechselhaft war und ich meine Tasche nicht immer quer \u00fcber die Schulter tragen wollte habe ich mir einen Turnbeutel oder auch &#8222;Hipsterbag&#8220; gen\u00e4ht. Kurz zuvor fand ich auf dem Restetisch bei Stoff und Stil \u2026 <a class=\"continue-reading-link\" href=\"https:\/\/www.birga.de\/Blog\/blog\/2016\/10\/10\/ein-turnbeutel-fuer-mich-aber-als-handtasche\/\">hier geht es weiter: <span class=\"meta-nav\">&rarr; <\/span><\/a><\/p>\n","protected":false},"author":1,"featured_media":0,"comment_status":"open","ping_status":"open","sticky":false,"template":"","format":"standard","meta":{"footnotes":""},"categories":[79,4,60],"tags":[],"class_list":["post-5283","post","type-post","status-publish","format-standard","hentry","category-etwas-fur-mich","category-genahtes","category-taschen"],"_links":{"self":[{"href":"https:\/\/www.birga.de\/Blog\/wp-json\/wp\/v2\/posts\/5283","targetHints":{"allow":["GET"]}}],"collection":[{"href":"https:\/\/www.birga.de\/Blog\/wp-json\/wp\/v2\/posts"}],"about":[{"href":"https:\/\/www.birga.de\/Blog\/wp-json\/wp\/v2\/types\/post"}],"author":[{"embeddable":true,"href":"https:\/\/www.birga.de\/Blog\/wp-json\/wp\/v2\/users\/1"}],"replies":[{"embeddable":true,"href":"https:\/\/www.birga.de\/Blog\/wp-json\/wp\/v2\/comments?post=5283"}],"version-history":[{"count":1,"href":"https:\/\/www.birga.de\/Blog\/wp-json\/wp\/v2\/posts\/5283\/revisions"}],"predecessor-version":[{"id":5286,"href":"https:\/\/www.birga.de\/Blog\/wp-json\/wp\/v2\/posts\/5283\/revisions\/5286"}],"wp:attachment":[{"href":"https:\/\/www.birga.de\/Blog\/wp-json\/wp\/v2\/media?parent=5283"}],"wp:term":[{"taxonomy":"category","embeddable":true,"href":"https:\/\/www.birga.de\/Blog\/wp-json\/wp\/v2\/categories?post=5283"},{"taxonomy":"post_tag","embeddable":true,"href":"https:\/\/www.birga.de\/Blog\/wp-json\/wp\/v2\/tags?post=5283"}],"curies":[{"name":"wp","href":"https:\/\/api.w.org\/{rel}","templated":true}]}}