{"id":5336,"date":"2016-11-27T13:30:54","date_gmt":"2016-11-27T11:30:54","guid":{"rendered":"http:\/\/www.birga.de\/Blog\/?p=5336"},"modified":"2016-11-27T13:30:54","modified_gmt":"2016-11-27T11:30:54","slug":"1-advent","status":"publish","type":"post","link":"https:\/\/www.birga.de\/Blog\/blog\/2016\/11\/27\/1-advent\/","title":{"rendered":"1. Advent"},"content":{"rendered":"<p>Ich w\u00fcnsche euch einen sch\u00f6nen 1. Advent<\/p>\n<p><a href=\"http:\/\/www.birga.de\/Blog\/?attachment_id=5337\" rel=\"attachment wp-att-5337\"><img loading=\"lazy\" decoding=\"async\" class=\"aligncenter size-medium wp-image-5337\" src=\"http:\/\/www.birga.de\/Blog\/wp-content\/uploads\/2016\/11\/DSC03236-600x560.jpg\" alt=\"dsc03236\" width=\"600\" height=\"560\" srcset=\"https:\/\/www.birga.de\/Blog\/wp-content\/uploads\/2016\/11\/DSC03236-600x560.jpg 600w, https:\/\/www.birga.de\/Blog\/wp-content\/uploads\/2016\/11\/DSC03236-150x140.jpg 150w, https:\/\/www.birga.de\/Blog\/wp-content\/uploads\/2016\/11\/DSC03236-161x150.jpg 161w, https:\/\/www.birga.de\/Blog\/wp-content\/uploads\/2016\/11\/DSC03236.jpg 1000w\" sizes=\"auto, (max-width: 600px) 100vw, 600px\" \/><\/a><\/p>\n<p>Das ist unser diesj\u00e4hriges Gesteck in der K\u00fcche. Das Gef\u00e4\u00df mit den 4 T\u00f6pfen und dem Griff, fand ich neulich beim Adventsmarktbesuch auf Gut\u00a0Emkendorf.<\/p>\n","protected":false},"excerpt":{"rendered":"<p>Ich w\u00fcnsche euch einen sch\u00f6nen 1. Advent Das ist unser diesj\u00e4hriges Gesteck in der K\u00fcche. Das Gef\u00e4\u00df mit den 4 T\u00f6pfen und dem Griff, fand ich neulich beim Adventsmarktbesuch auf Gut\u00a0Emkendorf.<\/p>\n","protected":false},"author":1,"featured_media":0,"comment_status":"open","ping_status":"open","sticky":false,"template":"","format":"standard","meta":{"footnotes":""},"categories":[74,79,73,84,86,31],"tags":[],"class_list":["post-5336","post","type-post","status-publish","format-standard","hentry","category-deko","category-etwas-fur-mich","category-floristik","category-floristik-und-blumen","category-gebasteltes","category-weihnachtliches"],"_links":{"self":[{"href":"https:\/\/www.birga.de\/Blog\/wp-json\/wp\/v2\/posts\/5336","targetHints":{"allow":["GET"]}}],"collection":[{"href":"https:\/\/www.birga.de\/Blog\/wp-json\/wp\/v2\/posts"}],"about":[{"href":"https:\/\/www.birga.de\/Blog\/wp-json\/wp\/v2\/types\/post"}],"author":[{"embeddable":true,"href":"https:\/\/www.birga.de\/Blog\/wp-json\/wp\/v2\/users\/1"}],"replies":[{"embeddable":true,"href":"https:\/\/www.birga.de\/Blog\/wp-json\/wp\/v2\/comments?post=5336"}],"version-history":[{"count":1,"href":"https:\/\/www.birga.de\/Blog\/wp-json\/wp\/v2\/posts\/5336\/revisions"}],"predecessor-version":[{"id":5338,"href":"https:\/\/www.birga.de\/Blog\/wp-json\/wp\/v2\/posts\/5336\/revisions\/5338"}],"wp:attachment":[{"href":"https:\/\/www.birga.de\/Blog\/wp-json\/wp\/v2\/media?parent=5336"}],"wp:term":[{"taxonomy":"category","embeddable":true,"href":"https:\/\/www.birga.de\/Blog\/wp-json\/wp\/v2\/categories?post=5336"},{"taxonomy":"post_tag","embeddable":true,"href":"https:\/\/www.birga.de\/Blog\/wp-json\/wp\/v2\/tags?post=5336"}],"curies":[{"name":"wp","href":"https:\/\/api.w.org\/{rel}","templated":true}]}}