{"id":5367,"date":"2017-01-12T18:57:41","date_gmt":"2017-01-12T17:57:41","guid":{"rendered":"http:\/\/www.birga.de\/Blog\/?p=5367"},"modified":"2017-01-12T23:20:38","modified_gmt":"2017-01-12T22:20:38","slug":"rums-22017-endlich-sind-die-socken-fertig","status":"publish","type":"post","link":"https:\/\/www.birga.de\/Blog\/blog\/2017\/01\/12\/rums-22017-endlich-sind-die-socken-fertig\/","title":{"rendered":"Rums #2\/17 Endlich sind die Socken fertig"},"content":{"rendered":"<p>Schon vor einigen Jahren bekam ich 2 Kn\u00e4uel Sockenwolle von Regia in wundersch\u00f6nen Farben geschenkt, daraus wollte ich mir ein paar Socken stricken. Ich wei\u00df, dass ich die Socken im Sommer 2014 mit nach M\u00fcnchen hatte und da auch fast fertig wurde, nur das elastische Abketten bekam ich nicht hin und so landeten die Socken im Wollkorb und wurden nicht mehr beachtet. Als ich jetzt zu Weihnachten einen Satz Stricknadeln von Knit-Pro geschenkt bekam, nahm ich den Korb wieder zur Hand und fand die Socken wieder. Endlich hatte ich die Ruhe und Mu\u00dfe um mir f\u00fcr das elastische Abketten auf verschiedenen Videos auf YouTube anzusehen und so\u00a0habe ich meine Socken auch endlich fertig bekommen.<\/p>\n<p>Gestrickt habe ich die Socken auf einer Rundnadel von der Spitze aus, beide Socken gleichzeitig.<br \/>\n<a href=\"http:\/\/www.birga.de\/Blog\/?attachment_id=5368\" rel=\"attachment wp-att-5368\"><img loading=\"lazy\" decoding=\"async\" class=\"aligncenter size-medium wp-image-5368\" src=\"http:\/\/www.birga.de\/Blog\/wp-content\/uploads\/2017\/01\/DSC03579-600x400.jpg\" alt=\"\" width=\"600\" height=\"400\" srcset=\"https:\/\/www.birga.de\/Blog\/wp-content\/uploads\/2017\/01\/DSC03579-600x400.jpg 600w, https:\/\/www.birga.de\/Blog\/wp-content\/uploads\/2017\/01\/DSC03579-150x100.jpg 150w, https:\/\/www.birga.de\/Blog\/wp-content\/uploads\/2017\/01\/DSC03579-225x150.jpg 225w, https:\/\/www.birga.de\/Blog\/wp-content\/uploads\/2017\/01\/DSC03579.jpg 1000w\" sizes=\"auto, (max-width: 600px) 100vw, 600px\" \/><\/a><\/p>\n<p>Die Ferse habe ich als &#8222;Tomato Heel&#8220; gestrickt<br \/>\n<a href=\"http:\/\/www.birga.de\/Blog\/?attachment_id=5369\" rel=\"attachment wp-att-5369\"><img loading=\"lazy\" decoding=\"async\" class=\"aligncenter size-medium wp-image-5369\" src=\"http:\/\/www.birga.de\/Blog\/wp-content\/uploads\/2017\/01\/DSC03580-600x400.jpg\" alt=\"\" width=\"600\" height=\"400\" srcset=\"https:\/\/www.birga.de\/Blog\/wp-content\/uploads\/2017\/01\/DSC03580-600x400.jpg 600w, https:\/\/www.birga.de\/Blog\/wp-content\/uploads\/2017\/01\/DSC03580-150x100.jpg 150w, https:\/\/www.birga.de\/Blog\/wp-content\/uploads\/2017\/01\/DSC03580-225x150.jpg 225w, https:\/\/www.birga.de\/Blog\/wp-content\/uploads\/2017\/01\/DSC03580.jpg 1000w\" sizes=\"auto, (max-width: 600px) 100vw, 600px\" \/><\/a><\/p>\n<p>So ganz gef\u00e4llt mir der Rand noch nicht, aber wenn ich die Socken an habe sieht man es nicht mehr.<br \/>\n<a href=\"http:\/\/www.birga.de\/Blog\/?attachment_id=5370\" rel=\"attachment wp-att-5370\"><img loading=\"lazy\" decoding=\"async\" class=\"aligncenter size-medium wp-image-5370\" src=\"http:\/\/www.birga.de\/Blog\/wp-content\/uploads\/2017\/01\/DSC03581-600x400.jpg\" alt=\"\" width=\"600\" height=\"400\" srcset=\"https:\/\/www.birga.de\/Blog\/wp-content\/uploads\/2017\/01\/DSC03581-600x400.jpg 600w, https:\/\/www.birga.de\/Blog\/wp-content\/uploads\/2017\/01\/DSC03581-150x100.jpg 150w, https:\/\/www.birga.de\/Blog\/wp-content\/uploads\/2017\/01\/DSC03581-225x150.jpg 225w, https:\/\/www.birga.de\/Blog\/wp-content\/uploads\/2017\/01\/DSC03581.jpg 1000w\" sizes=\"auto, (max-width: 600px) 100vw, 600px\" \/><\/a><\/p>\n<p>Und weil das meine Socken sind, d\u00fcrfen sie auch wieder zu <a href=\"http:\/\/rundumsweib.blogspot.de\/\" target=\"_blank\">RUMS<\/a><\/p>\n","protected":false},"excerpt":{"rendered":"<p>Schon vor einigen Jahren bekam ich 2 Kn\u00e4uel Sockenwolle von Regia in wundersch\u00f6nen Farben geschenkt, daraus wollte ich mir ein paar Socken stricken. Ich wei\u00df, dass ich die Socken im Sommer 2014 mit nach M\u00fcnchen hatte und da auch fast fertig wurde, nur das elastische Abketten bekam ich nicht hin \u2026 <a class=\"continue-reading-link\" href=\"https:\/\/www.birga.de\/Blog\/blog\/2017\/01\/12\/rums-22017-endlich-sind-die-socken-fertig\/\">hier geht es weiter: <span class=\"meta-nav\">&rarr; <\/span><\/a><\/p>\n","protected":false},"author":1,"featured_media":0,"comment_status":"open","ping_status":"open","sticky":false,"template":"","format":"standard","meta":{"footnotes":""},"categories":[79,69,53],"tags":[],"class_list":["post-5367","post","type-post","status-publish","format-standard","hentry","category-etwas-fur-mich","category-gestricktes","category-wolliges"],"_links":{"self":[{"href":"https:\/\/www.birga.de\/Blog\/wp-json\/wp\/v2\/posts\/5367","targetHints":{"allow":["GET"]}}],"collection":[{"href":"https:\/\/www.birga.de\/Blog\/wp-json\/wp\/v2\/posts"}],"about":[{"href":"https:\/\/www.birga.de\/Blog\/wp-json\/wp\/v2\/types\/post"}],"author":[{"embeddable":true,"href":"https:\/\/www.birga.de\/Blog\/wp-json\/wp\/v2\/users\/1"}],"replies":[{"embeddable":true,"href":"https:\/\/www.birga.de\/Blog\/wp-json\/wp\/v2\/comments?post=5367"}],"version-history":[{"count":2,"href":"https:\/\/www.birga.de\/Blog\/wp-json\/wp\/v2\/posts\/5367\/revisions"}],"predecessor-version":[{"id":5374,"href":"https:\/\/www.birga.de\/Blog\/wp-json\/wp\/v2\/posts\/5367\/revisions\/5374"}],"wp:attachment":[{"href":"https:\/\/www.birga.de\/Blog\/wp-json\/wp\/v2\/media?parent=5367"}],"wp:term":[{"taxonomy":"category","embeddable":true,"href":"https:\/\/www.birga.de\/Blog\/wp-json\/wp\/v2\/categories?post=5367"},{"taxonomy":"post_tag","embeddable":true,"href":"https:\/\/www.birga.de\/Blog\/wp-json\/wp\/v2\/tags?post=5367"}],"curies":[{"name":"wp","href":"https:\/\/api.w.org\/{rel}","templated":true}]}}