{"id":5480,"date":"2017-10-26T13:49:11","date_gmt":"2017-10-26T11:49:11","guid":{"rendered":"http:\/\/www.birga.de\/Blog\/?p=5480"},"modified":"2017-10-26T13:49:11","modified_gmt":"2017-10-26T11:49:11","slug":"rums2517-softshelljacke-arja-probenaehen","status":"publish","type":"post","link":"https:\/\/www.birga.de\/Blog\/blog\/2017\/10\/26\/rums2517-softshelljacke-arja-probenaehen\/","title":{"rendered":"RUMS#25\/17 Softshelljacke &#8222;Arja&#8220; Proben\u00e4hen"},"content":{"rendered":"<p>Sophie von <a href=\"http:\/\/kaariainen.blogspot.de\/\" target=\"_blank\" rel=\"noopener\">N\u00e4\u00e4hgl\u00fcck<\/a> hatte in ihrer FB Gruppe angefragt, ob jemand die Erweiterung f\u00fcr den <a href=\"http:\/\/kaariainen.blogspot.de\/p\/arja.html\" target=\"_blank\" rel=\"noopener\">Sweatjackenschnitt &#8222;Arja&#8220;<\/a> aus Softshell zur Probe n\u00e4hen m\u00f6chte.<\/p>\n<p>Das reizte mich, denn den Schnitt hatte ich schon und ich wollte gerne noch eine Softshelljacke f\u00fcr die \u00dcbergangszeit haben, so habe ich mich gemeldet und durfte dabei sein. Die Jacke hat durch ihre Aufteilung zwar viele Schnittteile, aber sie lassen sich sehr gut zusammenn\u00e4hen und es macht die Jacke wirklich zu etwas besonderem. Die \u00c4nderungen, die man am Schnitt vornehmen muss sind supertoll erkl\u00e4rt, so dass es wirklich einfach ist.<\/p>\n<p>Das Besondere: die Softshellerweiterung bekommt man kostenlos. Au\u00dferdem gibt es f\u00fcr diese sch\u00f6n geschnittene Jacke auch noch kostenlos eine Anleitung f\u00fcr Trageeinsatz f\u00fcr kleine Kinder dazu. Das brauche ich zwar nicht (mehr), aber vielleicht ist es ja f\u00fcr die ein oder andere Leserin interessant.<\/p>\n<p>Hier ist sie nun, meine neue Jacke:<\/p>\n<p><a href=\"http:\/\/www.birga.de\/Blog\/?attachment_id=5485\" rel=\"attachment wp-att-5485\"><img loading=\"lazy\" decoding=\"async\" class=\"aligncenter size-medium wp-image-5485\" src=\"http:\/\/www.birga.de\/Blog\/wp-content\/uploads\/2017\/10\/DSC04874-2-429x600.jpg\" alt=\"\" width=\"429\" height=\"600\" srcset=\"https:\/\/www.birga.de\/Blog\/wp-content\/uploads\/2017\/10\/DSC04874-2-429x600.jpg 429w, https:\/\/www.birga.de\/Blog\/wp-content\/uploads\/2017\/10\/DSC04874-2-107x150.jpg 107w, https:\/\/www.birga.de\/Blog\/wp-content\/uploads\/2017\/10\/DSC04874-2-732x1024.jpg 732w, https:\/\/www.birga.de\/Blog\/wp-content\/uploads\/2017\/10\/DSC04874-2.jpg 2004w\" sizes=\"auto, (max-width: 429px) 100vw, 429px\" \/><\/a><\/p>\n<p>Die Stra\u00dfenbeleuchtung ist hier an manchen Ecken echt d\u00fcrftig und als Autofahrer \u00e4rgere ich mich immer wieder \u00fcber dunkel gekleidete Fu\u00dfg\u00e4nger, daher habe ich ganz viel mit Reflektorpaspeln gearbeitet.<\/p>\n<p><a href=\"http:\/\/www.birga.de\/Blog\/?attachment_id=5482\" rel=\"attachment wp-att-5482\"><img loading=\"lazy\" decoding=\"async\" class=\"aligncenter size-medium wp-image-5482\" src=\"http:\/\/www.birga.de\/Blog\/wp-content\/uploads\/2017\/10\/DSC04858-2-429x600.jpg\" alt=\"\" width=\"429\" height=\"600\" srcset=\"https:\/\/www.birga.de\/Blog\/wp-content\/uploads\/2017\/10\/DSC04858-2-429x600.jpg 429w, https:\/\/www.birga.de\/Blog\/wp-content\/uploads\/2017\/10\/DSC04858-2-107x150.jpg 107w, https:\/\/www.birga.de\/Blog\/wp-content\/uploads\/2017\/10\/DSC04858-2-731x1024.jpg 731w\" sizes=\"auto, (max-width: 429px) 100vw, 429px\" \/><\/a><\/p>\n<p><a href=\"http:\/\/www.birga.de\/Blog\/?attachment_id=5483\" rel=\"attachment wp-att-5483\"><img loading=\"lazy\" decoding=\"async\" class=\"aligncenter size-medium wp-image-5483\" src=\"http:\/\/www.birga.de\/Blog\/wp-content\/uploads\/2017\/10\/DSC04864-2-428x600.jpg\" alt=\"\" width=\"428\" height=\"600\" srcset=\"https:\/\/www.birga.de\/Blog\/wp-content\/uploads\/2017\/10\/DSC04864-2-428x600.jpg 428w, https:\/\/www.birga.de\/Blog\/wp-content\/uploads\/2017\/10\/DSC04864-2-107x150.jpg 107w, https:\/\/www.birga.de\/Blog\/wp-content\/uploads\/2017\/10\/DSC04864-2-731x1024.jpg 731w\" sizes=\"auto, (max-width: 428px) 100vw, 428px\" \/><\/a><\/p>\n<p>Besonders freue ich mich dar\u00fcber, dass die ganze N\u00e4hte auch wirklich aufeinander treffen. Wie hier an der Tasche und zum R\u00fcckenteil hin. (hier sieht man auch den Brustabn\u00e4her f\u00fcr eine sch\u00f6ne Form de Jacke)<br \/>\n<a href=\"http:\/\/www.birga.de\/Blog\/?attachment_id=5487\" rel=\"attachment wp-att-5487\"><img loading=\"lazy\" decoding=\"async\" class=\"aligncenter size-medium wp-image-5487\" src=\"http:\/\/www.birga.de\/Blog\/wp-content\/uploads\/2017\/10\/DSC04867-600x399.jpg\" alt=\"\" width=\"600\" height=\"399\" srcset=\"https:\/\/www.birga.de\/Blog\/wp-content\/uploads\/2017\/10\/DSC04867-600x399.jpg 600w, https:\/\/www.birga.de\/Blog\/wp-content\/uploads\/2017\/10\/DSC04867-150x100.jpg 150w, https:\/\/www.birga.de\/Blog\/wp-content\/uploads\/2017\/10\/DSC04867-1024x682.jpg 1024w, https:\/\/www.birga.de\/Blog\/wp-content\/uploads\/2017\/10\/DSC04867-225x150.jpg 225w\" sizes=\"auto, (max-width: 600px) 100vw, 600px\" \/><\/a><br \/>\nDas B\u00fcndchen habe ich als &#8222;verstecktes B\u00fcndchen&#8220; gen\u00e4ht. (Wie das geht beschreibt Sophie in dem <a href=\"http:\/\/kaariainen.blogspot.de\/p\/kinderhose.html\" target=\"_blank\" rel=\"noopener\">Freebook ihrer Kinderhose<\/a>)<br \/>\n<a href=\"http:\/\/www.birga.de\/Blog\/?attachment_id=5486\" rel=\"attachment wp-att-5486\"><img loading=\"lazy\" decoding=\"async\" class=\"aligncenter size-medium wp-image-5486\" src=\"http:\/\/www.birga.de\/Blog\/wp-content\/uploads\/2017\/10\/DSC04876-2-429x600.jpg\" alt=\"\" width=\"429\" height=\"600\" srcset=\"https:\/\/www.birga.de\/Blog\/wp-content\/uploads\/2017\/10\/DSC04876-2-429x600.jpg 429w, https:\/\/www.birga.de\/Blog\/wp-content\/uploads\/2017\/10\/DSC04876-2-107x150.jpg 107w, https:\/\/www.birga.de\/Blog\/wp-content\/uploads\/2017\/10\/DSC04876-2-731x1024.jpg 731w\" sizes=\"auto, (max-width: 429px) 100vw, 429px\" \/><\/a><\/p>\n<p>Die Kapuze habe ich mit einem Baumwollwebstoff gef\u00fcttert. Hier sieht man auch die beiden unterschiedlichen Softshellstoffe sehr gut.<br \/>\n<a href=\"http:\/\/www.birga.de\/Blog\/?attachment_id=5484\" rel=\"attachment wp-att-5484\"><img loading=\"lazy\" decoding=\"async\" class=\"aligncenter size-medium wp-image-5484\" src=\"http:\/\/www.birga.de\/Blog\/wp-content\/uploads\/2017\/10\/DSC04866-2-600x399.jpg\" alt=\"\" width=\"600\" height=\"399\" srcset=\"https:\/\/www.birga.de\/Blog\/wp-content\/uploads\/2017\/10\/DSC04866-2-600x399.jpg 600w, https:\/\/www.birga.de\/Blog\/wp-content\/uploads\/2017\/10\/DSC04866-2-150x100.jpg 150w, https:\/\/www.birga.de\/Blog\/wp-content\/uploads\/2017\/10\/DSC04866-2-1024x682.jpg 1024w, https:\/\/www.birga.de\/Blog\/wp-content\/uploads\/2017\/10\/DSC04866-2-225x150.jpg 225w\" sizes=\"auto, (max-width: 600px) 100vw, 600px\" \/><\/a><\/p>\n<p>Die Jacke ist so sch\u00f6n geworden, dass ich sie wirklich gerne trage.<br \/>\n<a href=\"http:\/\/www.birga.de\/Blog\/?attachment_id=5481\" rel=\"attachment wp-att-5481\"><img loading=\"lazy\" decoding=\"async\" class=\"aligncenter size-medium wp-image-5481\" src=\"http:\/\/www.birga.de\/Blog\/wp-content\/uploads\/2017\/10\/DSC04848-2-429x600.jpg\" alt=\"\" width=\"429\" height=\"600\" srcset=\"https:\/\/www.birga.de\/Blog\/wp-content\/uploads\/2017\/10\/DSC04848-2-429x600.jpg 429w, https:\/\/www.birga.de\/Blog\/wp-content\/uploads\/2017\/10\/DSC04848-2-107x150.jpg 107w, https:\/\/www.birga.de\/Blog\/wp-content\/uploads\/2017\/10\/DSC04848-2-731x1024.jpg 731w, https:\/\/www.birga.de\/Blog\/wp-content\/uploads\/2017\/10\/DSC04848-2.jpg 1994w\" sizes=\"auto, (max-width: 429px) 100vw, 429px\" \/><\/a><\/p>\n<p>Da die Jacke f\u00fcr mich ist, darf ich sie auch bei <a href=\"http:\/\/rundumsweib.blogspot.de\/\" target=\"_blank\" rel=\"noopener noreferrer\">RUMS<\/a> verlinken.<\/p>\n<p>Wenn ich es jetzt schaffe im Laufe der Woche noch mal ein paar Fotos zu machen, dann gibt es n\u00e4chste Woche auch mal wieder etwas von einer anderen Schnittmuster &#8211; Designerin.<\/p>\n","protected":false},"excerpt":{"rendered":"<p>Sophie von N\u00e4\u00e4hgl\u00fcck hatte in ihrer FB Gruppe angefragt, ob jemand die Erweiterung f\u00fcr den Sweatjackenschnitt &#8222;Arja&#8220; aus Softshell zur Probe n\u00e4hen m\u00f6chte. Das reizte mich, denn den Schnitt hatte ich schon und ich wollte gerne noch eine Softshelljacke f\u00fcr die \u00dcbergangszeit haben, so habe ich mich gemeldet und durfte \u2026 <a class=\"continue-reading-link\" href=\"https:\/\/www.birga.de\/Blog\/blog\/2017\/10\/26\/rums2517-softshelljacke-arja-probenaehen\/\">hier geht es weiter: <span class=\"meta-nav\">&rarr; <\/span><\/a><\/p>\n","protected":false},"author":1,"featured_media":0,"comment_status":"open","ping_status":"open","sticky":false,"template":"","format":"standard","meta":{"footnotes":""},"categories":[59,79,4],"tags":[],"class_list":["post-5480","post","type-post","status-publish","format-standard","hentry","category-bekleidung-genahtes","category-etwas-fur-mich","category-genahtes"],"_links":{"self":[{"href":"https:\/\/www.birga.de\/Blog\/wp-json\/wp\/v2\/posts\/5480","targetHints":{"allow":["GET"]}}],"collection":[{"href":"https:\/\/www.birga.de\/Blog\/wp-json\/wp\/v2\/posts"}],"about":[{"href":"https:\/\/www.birga.de\/Blog\/wp-json\/wp\/v2\/types\/post"}],"author":[{"embeddable":true,"href":"https:\/\/www.birga.de\/Blog\/wp-json\/wp\/v2\/users\/1"}],"replies":[{"embeddable":true,"href":"https:\/\/www.birga.de\/Blog\/wp-json\/wp\/v2\/comments?post=5480"}],"version-history":[{"count":2,"href":"https:\/\/www.birga.de\/Blog\/wp-json\/wp\/v2\/posts\/5480\/revisions"}],"predecessor-version":[{"id":5489,"href":"https:\/\/www.birga.de\/Blog\/wp-json\/wp\/v2\/posts\/5480\/revisions\/5489"}],"wp:attachment":[{"href":"https:\/\/www.birga.de\/Blog\/wp-json\/wp\/v2\/media?parent=5480"}],"wp:term":[{"taxonomy":"category","embeddable":true,"href":"https:\/\/www.birga.de\/Blog\/wp-json\/wp\/v2\/categories?post=5480"},{"taxonomy":"post_tag","embeddable":true,"href":"https:\/\/www.birga.de\/Blog\/wp-json\/wp\/v2\/tags?post=5480"}],"curies":[{"name":"wp","href":"https:\/\/api.w.org\/{rel}","templated":true}]}}