{"id":5497,"date":"2017-12-09T07:35:28","date_gmt":"2017-12-09T05:35:28","guid":{"rendered":"http:\/\/www.birga.de\/Blog\/?p=5497"},"modified":"2017-12-10T09:59:35","modified_gmt":"2017-12-10T07:59:35","slug":"der-hoodie-satu-aus-dem-naeaehglueck-adventskalender","status":"publish","type":"post","link":"https:\/\/www.birga.de\/Blog\/blog\/2017\/12\/09\/der-hoodie-satu-aus-dem-naeaehglueck-adventskalender\/","title":{"rendered":"Der Hoodie Satu aus dem N\u00e4\u00e4hgl\u00fcck Adventskalender"},"content":{"rendered":"<p>Ich hatte das Gl\u00fcck, dass ich als Proben\u00e4hwichtel beim <a href=\"http:\/\/kaariainen.blogspot.de\/p\/naahgluck-advent-217.html\" target=\"_blank\" rel=\"noopener\">N\u00e4\u00e4hgl\u00fcck Adventskalender<\/a> helfen durfte. Ab heute k\u00f6nnt ihr jeden Tag ein Schnittteil vom Hoodie Satu herunter laden (Der Download des jeweiliges Teilschrittes ist nur am entsprechenden Tag m\u00f6glich oder ihr kauft gleich<a href=\"http:\/\/kaariainen.blogspot.de\/p\/satu.html\" target=\"_blank\" rel=\"noopener\"> das komplette Ebook<\/a>)<\/p>\n<p>Zuerst war ich unsicher, ob Satu etwas f\u00fcr mich ist, ich ziehe am liebsten Jacken an, weil ich die auch schneller wieder ausziehen kann, ohne das meine Haare hinterher total durchgewuschelt sind. Aber ich war bin von dem Hoodie so begeistert, dass ich mir glatt noch einen 2. aus Steppjersey gen\u00e4ht habe. (den zeige ich euch in den n\u00e4chsten Tagen)<\/p>\n<p>Der 1. Satu<\/p>\n<p>Vorne hat er eine sch\u00f6ne Teilung,\u00a0 die man mit und ohne Taschen n\u00e4hen kann, durch die Teilung hat der Hoodie auch gleich einen Brustabn\u00e4her.<br \/>\n<a href=\"http:\/\/www.birga.de\/Blog\/?attachment_id=5498\" rel=\"attachment wp-att-5498\"><img loading=\"lazy\" decoding=\"async\" class=\"aligncenter size-medium wp-image-5498\" src=\"http:\/\/www.birga.de\/Blog\/wp-content\/uploads\/2017\/12\/DSC05072-2-444x600.jpg\" alt=\"\" width=\"444\" height=\"600\" srcset=\"https:\/\/www.birga.de\/Blog\/wp-content\/uploads\/2017\/12\/DSC05072-2-444x600.jpg 444w, https:\/\/www.birga.de\/Blog\/wp-content\/uploads\/2017\/12\/DSC05072-2-111x150.jpg 111w, https:\/\/www.birga.de\/Blog\/wp-content\/uploads\/2017\/12\/DSC05072-2-758x1024.jpg 758w\" sizes=\"auto, (max-width: 444px) 100vw, 444px\" \/><\/a><\/p>\n<p>Optional kann man auf der R\u00fcckseite (und auch an den \u00c4rmeln) auch eine Teilung n\u00e4hen.<\/p>\n<p><a href=\"http:\/\/www.birga.de\/Blog\/?attachment_id=5499\" rel=\"attachment wp-att-5499\"><img loading=\"lazy\" decoding=\"async\" class=\"aligncenter size-medium wp-image-5499\" src=\"http:\/\/www.birga.de\/Blog\/wp-content\/uploads\/2017\/12\/DSC05083-2-494x600.jpg\" alt=\"\" width=\"494\" height=\"600\" srcset=\"https:\/\/www.birga.de\/Blog\/wp-content\/uploads\/2017\/12\/DSC05083-2-494x600.jpg 494w, https:\/\/www.birga.de\/Blog\/wp-content\/uploads\/2017\/12\/DSC05083-2-124x150.jpg 124w, https:\/\/www.birga.de\/Blog\/wp-content\/uploads\/2017\/12\/DSC05083-2-844x1024.jpg 844w\" sizes=\"auto, (max-width: 494px) 100vw, 494px\" \/><\/a><\/p>\n<p>Die Kapuze ist sehr gro\u00dfz\u00fcgig und ist vorne \u00fcberkreuzt. Au\u00dferdem ist Satu sch\u00f6n lang, so dass auch der Po warm bleibt.<\/p>\n<p><a href=\"http:\/\/www.birga.de\/Blog\/?attachment_id=5500\" rel=\"attachment wp-att-5500\"><img loading=\"lazy\" decoding=\"async\" class=\"aligncenter size-medium wp-image-5500\" src=\"http:\/\/www.birga.de\/Blog\/wp-content\/uploads\/2017\/12\/DSC05103-2-399x600.jpg\" alt=\"\" width=\"399\" height=\"600\" srcset=\"https:\/\/www.birga.de\/Blog\/wp-content\/uploads\/2017\/12\/DSC05103-2-399x600.jpg 399w, https:\/\/www.birga.de\/Blog\/wp-content\/uploads\/2017\/12\/DSC05103-2-100x150.jpg 100w, https:\/\/www.birga.de\/Blog\/wp-content\/uploads\/2017\/12\/DSC05103-2-682x1024.jpg 682w\" sizes=\"auto, (max-width: 399px) 100vw, 399px\" \/><\/a><\/p>\n<p>Ohne das ich es ahnte ist er ein Lieblingskleidungsst\u00fcck geworden, auch wenn ich die \u00c4rmel auch lieber in dunkel h\u00e4tte n\u00e4hen sollen.<\/p>\n<p>&nbsp;<\/p>\n<p>Also solltet ihr heute und die n\u00e4chsten Tage aufpassen und euch jeweils die einzelnen Schritte herunter laden.<\/p>\n","protected":false},"excerpt":{"rendered":"<p>Ich hatte das Gl\u00fcck, dass ich als Proben\u00e4hwichtel beim N\u00e4\u00e4hgl\u00fcck Adventskalender helfen durfte. Ab heute k\u00f6nnt ihr jeden Tag ein Schnittteil vom Hoodie Satu herunter laden (Der Download des jeweiliges Teilschrittes ist nur am entsprechenden Tag m\u00f6glich oder ihr kauft gleich das komplette Ebook) Zuerst war ich unsicher, ob Satu \u2026 <a class=\"continue-reading-link\" href=\"https:\/\/www.birga.de\/Blog\/blog\/2017\/12\/09\/der-hoodie-satu-aus-dem-naeaehglueck-adventskalender\/\">hier geht es weiter: <span class=\"meta-nav\">&rarr; <\/span><\/a><\/p>\n","protected":false},"author":1,"featured_media":0,"comment_status":"open","ping_status":"open","sticky":false,"template":"","format":"standard","meta":{"footnotes":""},"categories":[59,79,4],"tags":[],"class_list":["post-5497","post","type-post","status-publish","format-standard","hentry","category-bekleidung-genahtes","category-etwas-fur-mich","category-genahtes"],"_links":{"self":[{"href":"https:\/\/www.birga.de\/Blog\/wp-json\/wp\/v2\/posts\/5497","targetHints":{"allow":["GET"]}}],"collection":[{"href":"https:\/\/www.birga.de\/Blog\/wp-json\/wp\/v2\/posts"}],"about":[{"href":"https:\/\/www.birga.de\/Blog\/wp-json\/wp\/v2\/types\/post"}],"author":[{"embeddable":true,"href":"https:\/\/www.birga.de\/Blog\/wp-json\/wp\/v2\/users\/1"}],"replies":[{"embeddable":true,"href":"https:\/\/www.birga.de\/Blog\/wp-json\/wp\/v2\/comments?post=5497"}],"version-history":[{"count":4,"href":"https:\/\/www.birga.de\/Blog\/wp-json\/wp\/v2\/posts\/5497\/revisions"}],"predecessor-version":[{"id":5510,"href":"https:\/\/www.birga.de\/Blog\/wp-json\/wp\/v2\/posts\/5497\/revisions\/5510"}],"wp:attachment":[{"href":"https:\/\/www.birga.de\/Blog\/wp-json\/wp\/v2\/media?parent=5497"}],"wp:term":[{"taxonomy":"category","embeddable":true,"href":"https:\/\/www.birga.de\/Blog\/wp-json\/wp\/v2\/categories?post=5497"},{"taxonomy":"post_tag","embeddable":true,"href":"https:\/\/www.birga.de\/Blog\/wp-json\/wp\/v2\/tags?post=5497"}],"curies":[{"name":"wp","href":"https:\/\/api.w.org\/{rel}","templated":true}]}}